{"id":2485,"date":"2024-10-08T16:50:01","date_gmt":"2024-10-08T14:50:01","guid":{"rendered":"https:\/\/igpsm.uek.krakow.pl\/kgp\/?p=2485"},"modified":"2024-10-08T17:04:28","modified_gmt":"2024-10-08T15:04:28","slug":"zmarl-profesor-dr-hab-tadeusz-kudlacz","status":"publish","type":"post","link":"https:\/\/igpsm.uek.krakow.pl\/kgp\/2024\/10\/08\/zmarl-profesor-dr-hab-tadeusz-kudlacz\/","title":{"rendered":"Zmar\u0142 Profesor dr hab. Tadeusz Kud\u0142acz"},"content":{"rendered":"\t\t<div data-elementor-type=\"wp-post\" data-elementor-id=\"2485\" class=\"elementor elementor-2485\">\n\t\t\t\t\t\t<section data-particle_enable=\"false\" data-particle-mobile-disabled=\"false\" class=\"elementor-section elementor-top-section elementor-element elementor-element-9958933 elementor-section-boxed elementor-section-height-default elementor-section-height-default\" data-id=\"9958933\" data-element_type=\"section\" data-settings=\"{&quot;jet_parallax_layout_list&quot;:[]}\">\n\t\t\t\t\t\t<div class=\"elementor-container elementor-column-gap-default\">\n\t\t\t\t\t<div class=\"elementor-column elementor-col-100 elementor-top-column elementor-element elementor-element-60dc97c\" data-id=\"60dc97c\" data-element_type=\"column\">\n\t\t\t<div class=\"elementor-widget-wrap elementor-element-populated\">\n\t\t\t\t\t\t<div class=\"elementor-element elementor-element-7913457 elementor-widget elementor-widget-text-editor\" data-id=\"7913457\" data-element_type=\"widget\" data-widget_type=\"text-editor.default\">\n\t\t\t\t<div class=\"elementor-widget-container\">\n\t\t\t\t\t\t\t<p>W\u0142adze rektorskie Uniwersytetu Ekonomicznego w Krakowie oraz w\u0142adze dzieka\u0144skie Kolegium Gospodarki i Administracji Publicznej, wraz z ca\u0142\u0105 spo\u0142eczno\u015bci\u0105 akademick\u0105, z wielkim smutkiem i b\u00f3lem przyj\u0119\u0142y wiadomo\u015b\u0107 o nag\u0142ej \u015bmierci Pana Profesora Tadeusza Kud\u0142acza. By\u0142 wielkim autorytetem dla pracownik\u00f3w naszej Uczelni i jej student\u00f3w, profesorem o og\u00f3lnopolskiej s\u0142awie naukowej, zaanga\u017cowanym w rozw\u00f3j kierunku Gospodarka Przestrzenna najpierw w Katedrze Gospodarki Regionalnej, a p\u00f3\u017aniej\u00a0 w Katedrze Gospodarki Przestrzennej. Ile dobrych rzeczy by o Nim nie napisa\u0107, zawsze b\u0119dzie to za ma\u0142o&#8230; \u017begnaj, Wielki Profesorze!<\/p>\t\t\t\t\t\t<\/div>\n\t\t\t\t<\/div>\n\t\t\t\t\t<\/div>\n\t\t<\/div>\n\t\t\t\t\t<\/div>\n\t\t<\/section>\n\t\t\t\t<\/div>\n\t\t","protected":false},"excerpt":{"rendered":"<p>W\u0142adze rektorskie Uniwersytetu Ekonomicznego w Krakowie oraz w\u0142adze dzieka\u0144skie Kolegium Gospodarki i Administracji Publicznej, wraz z ca\u0142\u0105 spo\u0142eczno\u015bci\u0105 akademick\u0105, z wielkim smutkiem i b\u00f3lem przyj\u0119\u0142y wiadomo\u015b\u0107 o nag\u0142ej \u015bmierci Pana Profesora Tadeusza Kud\u0142acza. By\u0142 wielkim autorytetem dla pracownik\u00f3w naszej Uczelni i jej student\u00f3w, profesorem o og\u00f3lnopolskiej s\u0142awie naukowej, zaanga\u017cowanym w rozw\u00f3j kierunku Gospodarka Przestrzenna najpierw w Katedrze Gospodarki Regionalnej, a p\u00f3\u017aniej\u00a0 w Katedrze Gospodarki Przestrzennej. Ile dobrych rzeczy by o Nim nie napisa\u0107, zawsze b\u0119dzie to za ma\u0142o&#8230; \u017begnaj, Wielki Profesorze!<\/p>\n","protected":false},"author":5,"featured_media":2486,"comment_status":"closed","ping_status":"closed","sticky":false,"template":"","format":"standard","meta":{"footnotes":""},"categories":[113],"tags":[],"class_list":["post-2485","post","type-post","status-publish","format-standard","has-post-thumbnail","hentry","category-aktualnosci"],"_links":{"self":[{"href":"https:\/\/igpsm.uek.krakow.pl\/kgp\/wp-json\/wp\/v2\/posts\/2485"}],"collection":[{"href":"https:\/\/igpsm.uek.krakow.pl\/kgp\/wp-json\/wp\/v2\/posts"}],"about":[{"href":"https:\/\/igpsm.uek.krakow.pl\/kgp\/wp-json\/wp\/v2\/types\/post"}],"author":[{"embeddable":true,"href":"https:\/\/igpsm.uek.krakow.pl\/kgp\/wp-json\/wp\/v2\/users\/5"}],"replies":[{"embeddable":true,"href":"https:\/\/igpsm.uek.krakow.pl\/kgp\/wp-json\/wp\/v2\/comments?post=2485"}],"version-history":[{"count":4,"href":"https:\/\/igpsm.uek.krakow.pl\/kgp\/wp-json\/wp\/v2\/posts\/2485\/revisions"}],"predecessor-version":[{"id":2490,"href":"https:\/\/igpsm.uek.krakow.pl\/kgp\/wp-json\/wp\/v2\/posts\/2485\/revisions\/2490"}],"wp:featuredmedia":[{"embeddable":true,"href":"https:\/\/igpsm.uek.krakow.pl\/kgp\/wp-json\/wp\/v2\/media\/2486"}],"wp:attachment":[{"href":"https:\/\/igpsm.uek.krakow.pl\/kgp\/wp-json\/wp\/v2\/media?parent=2485"}],"wp:term":[{"taxonomy":"category","embeddable":true,"href":"https:\/\/igpsm.uek.krakow.pl\/kgp\/wp-json\/wp\/v2\/categories?post=2485"},{"taxonomy":"post_tag","embeddable":true,"href":"https:\/\/igpsm.uek.krakow.pl\/kgp\/wp-json\/wp\/v2\/tags?post=2485"}],"curies":[{"name":"wp","href":"https:\/\/api.w.org\/{rel}","templated":true}]}}