{"id":2518,"date":"2024-06-07T17:33:25","date_gmt":"2024-06-07T15:33:25","guid":{"rendered":"https:\/\/igpsm.uek.krakow.pl\/kgp\/?p=2518"},"modified":"2025-06-26T15:33:55","modified_gmt":"2025-06-26T13:33:55","slug":"viii-miedzynarodowe-warsztaty-urbanistyczne-03-07-06-2024polska-francja-lubljana","status":"publish","type":"post","link":"https:\/\/igpsm.uek.krakow.pl\/kgp\/2024\/06\/07\/viii-miedzynarodowe-warsztaty-urbanistyczne-03-07-06-2024polska-francja-lubljana\/","title":{"rendered":"VIII Mi\u0119dzynarodowe warsztaty urbanistyczne 03-07.06.2024 Polska- Francja- S\u0142owenia"},"content":{"rendered":"\t\t<div data-elementor-type=\"wp-post\" data-elementor-id=\"2518\" class=\"elementor elementor-2518\">\n\t\t\t\t\t\t<section data-particle_enable=\"false\" data-particle-mobile-disabled=\"false\" class=\"elementor-section elementor-top-section elementor-element elementor-element-ad33ba3 elementor-section-boxed elementor-section-height-default elementor-section-height-default\" data-id=\"ad33ba3\" data-element_type=\"section\" data-settings=\"{&quot;jet_parallax_layout_list&quot;:[]}\">\n\t\t\t\t\t\t<div class=\"elementor-container elementor-column-gap-default\">\n\t\t\t\t\t<div class=\"elementor-column elementor-col-100 elementor-top-column elementor-element elementor-element-f523dd0\" data-id=\"f523dd0\" data-element_type=\"column\">\n\t\t\t<div class=\"elementor-widget-wrap elementor-element-populated\">\n\t\t\t\t\t\t<div class=\"elementor-element elementor-element-58377e3 elementor-widget elementor-widget-text-editor\" data-id=\"58377e3\" data-element_type=\"widget\" data-widget_type=\"text-editor.default\">\n\t\t\t\t<div class=\"elementor-widget-container\">\n\t\t\t\t\t\t\t<p>International Urban Planning Workshops: 3-7 June, Krak\u00f3w 2024 organizowane s\u0105 po raz IX przez pracownik\u00f3w Katedry Gospodarki Przestrzennej i Katedry Geografii Spo\u0142eczno-Ekonomicznej w ramach wsp\u00f3\u0142pracy mi\u0119dzynarodowej z Francja i S\u0142oweni\u0105. Mi\u0119dzynarodowym parterem wydarzenia jest Instytut Urbanistyki z Grenoble,\u00a0 University of Lubljana oraz po raz pierwszy do warsztat\u00f3w do\u0142\u0105czy\u0142a kadra z Politechniki Rzeszowskiej.\u00a0<\/p><p>Koordynatorami ze strony UEK byli dr in\u017c. arch. Dorota Jopek, dr in\u017c. arch. kraj. Laura Kochel, dr in\u017c. Piotr W\u0119grzynowicz i dr in\u017c. arch. Agnieszka W\u0142och Szymla. Warsztaty by\u0142y organizowane w ramach dw\u00f3ch przedmiot\u00f3w: Projektowania urbanistycznego oraz Przyrodniczych uwarunkowa\u0144.\u00a0<\/p>\t\t\t\t\t\t<\/div>\n\t\t\t\t<\/div>\n\t\t\t\t<div class=\"elementor-element elementor-element-e78c38d elementor-widget elementor-widget-image\" data-id=\"e78c38d\" data-element_type=\"widget\" data-widget_type=\"image.default\">\n\t\t\t\t<div class=\"elementor-widget-container\">\n\t\t\t\t\t\t\t\t\t\t\t\t\t<img fetchpriority=\"high\" decoding=\"async\" width=\"300\" height=\"300\" src=\"https:\/\/igpsm.uek.krakow.pl\/kgp\/wp-content\/uploads\/sites\/3\/2024\/10\/447523432_3751745098479025_4627574750319569482_n-300x300.jpg\" class=\"attachment-bard-list-thumbnail size-bard-list-thumbnail wp-image-2519\" alt=\"\" srcset=\"https:\/\/igpsm.uek.krakow.pl\/kgp\/wp-content\/uploads\/sites\/3\/2024\/10\/447523432_3751745098479025_4627574750319569482_n-300x300.jpg 300w, https:\/\/igpsm.uek.krakow.pl\/kgp\/wp-content\/uploads\/sites\/3\/2024\/10\/447523432_3751745098479025_4627574750319569482_n-150x150.jpg 150w, https:\/\/igpsm.uek.krakow.pl\/kgp\/wp-content\/uploads\/sites\/3\/2024\/10\/447523432_3751745098479025_4627574750319569482_n-75x75.jpg 75w\" sizes=\"(max-width: 300px) 100vw, 300px\" \/>\t\t\t\t\t\t\t\t\t\t\t\t\t<\/div>\n\t\t\t\t<\/div>\n\t\t\t\t<div class=\"elementor-element elementor-element-4c7c108 elementor-widget elementor-widget-image\" data-id=\"4c7c108\" data-element_type=\"widget\" data-widget_type=\"image.default\">\n\t\t\t\t<div class=\"elementor-widget-container\">\n\t\t\t\t\t\t\t\t\t\t\t\t\t<img decoding=\"async\" width=\"300\" height=\"300\" src=\"https:\/\/igpsm.uek.krakow.pl\/kgp\/wp-content\/uploads\/sites\/3\/2024\/10\/447568394_3751744821812386_7286497821406425278_n-300x300.jpg\" class=\"attachment-bard-list-thumbnail size-bard-list-thumbnail wp-image-2525\" alt=\"\" srcset=\"https:\/\/igpsm.uek.krakow.pl\/kgp\/wp-content\/uploads\/sites\/3\/2024\/10\/447568394_3751744821812386_7286497821406425278_n-300x300.jpg 300w, https:\/\/igpsm.uek.krakow.pl\/kgp\/wp-content\/uploads\/sites\/3\/2024\/10\/447568394_3751744821812386_7286497821406425278_n-150x150.jpg 150w, https:\/\/igpsm.uek.krakow.pl\/kgp\/wp-content\/uploads\/sites\/3\/2024\/10\/447568394_3751744821812386_7286497821406425278_n-75x75.jpg 75w\" sizes=\"(max-width: 300px) 100vw, 300px\" \/>\t\t\t\t\t\t\t\t\t\t\t\t\t<\/div>\n\t\t\t\t<\/div>\n\t\t\t\t\t<\/div>\n\t\t<\/div>\n\t\t\t\t\t<\/div>\n\t\t<\/section>\n\t\t\t\t<\/div>\n\t\t","protected":false},"excerpt":{"rendered":"<p>International Urban Planning Workshops: 3-7 June, Krak\u00f3w 2024 organizowane s\u0105 po raz IX przez pracownik\u00f3w Katedry Gospodarki Przestrzennej i Katedry Geografii Spo\u0142eczno-Ekonomicznej w ramach wsp\u00f3\u0142pracy mi\u0119dzynarodowej z Francja i S\u0142oweni\u0105. Mi\u0119dzynarodowym parterem wydarzenia jest Instytut Urbanistyki z Grenoble,\u00a0 University of Lubljana oraz po raz pierwszy do warsztat\u00f3w do\u0142\u0105czy\u0142a kadra z Politechniki Rzeszowskiej.\u00a0 Koordynatorami ze strony UEK byli dr in\u017c. arch. Dorota Jopek, dr in\u017c. arch. kraj. Laura Kochel, dr in\u017c. Piotr W\u0119grzynowicz i dr in\u017c. arch. Agnieszka W\u0142och Szymla. Warsztaty by\u0142y organizowane w ramach dw\u00f3ch przedmiot\u00f3w: Projektowania urbanistycznego oraz Przyrodniczych uwarunkowa\u0144.\u00a0<\/p>\n","protected":false},"author":5,"featured_media":2519,"comment_status":"closed","ping_status":"closed","sticky":false,"template":"","format":"standard","meta":{"footnotes":""},"categories":[113],"tags":[],"class_list":["post-2518","post","type-post","status-publish","format-standard","has-post-thumbnail","hentry","category-aktualnosci"],"_links":{"self":[{"href":"https:\/\/igpsm.uek.krakow.pl\/kgp\/wp-json\/wp\/v2\/posts\/2518"}],"collection":[{"href":"https:\/\/igpsm.uek.krakow.pl\/kgp\/wp-json\/wp\/v2\/posts"}],"about":[{"href":"https:\/\/igpsm.uek.krakow.pl\/kgp\/wp-json\/wp\/v2\/types\/post"}],"author":[{"embeddable":true,"href":"https:\/\/igpsm.uek.krakow.pl\/kgp\/wp-json\/wp\/v2\/users\/5"}],"replies":[{"embeddable":true,"href":"https:\/\/igpsm.uek.krakow.pl\/kgp\/wp-json\/wp\/v2\/comments?post=2518"}],"version-history":[{"count":11,"href":"https:\/\/igpsm.uek.krakow.pl\/kgp\/wp-json\/wp\/v2\/posts\/2518\/revisions"}],"predecessor-version":[{"id":2632,"href":"https:\/\/igpsm.uek.krakow.pl\/kgp\/wp-json\/wp\/v2\/posts\/2518\/revisions\/2632"}],"wp:featuredmedia":[{"embeddable":true,"href":"https:\/\/igpsm.uek.krakow.pl\/kgp\/wp-json\/wp\/v2\/media\/2519"}],"wp:attachment":[{"href":"https:\/\/igpsm.uek.krakow.pl\/kgp\/wp-json\/wp\/v2\/media?parent=2518"}],"wp:term":[{"taxonomy":"category","embeddable":true,"href":"https:\/\/igpsm.uek.krakow.pl\/kgp\/wp-json\/wp\/v2\/categories?post=2518"},{"taxonomy":"post_tag","embeddable":true,"href":"https:\/\/igpsm.uek.krakow.pl\/kgp\/wp-json\/wp\/v2\/tags?post=2518"}],"curies":[{"name":"wp","href":"https:\/\/api.w.org\/{rel}","templated":true}]}}