{"id":2548,"date":"2024-11-25T11:03:48","date_gmt":"2024-11-25T10:03:48","guid":{"rendered":"https:\/\/igpsm.uek.krakow.pl\/kgp\/?p=2548"},"modified":"2024-11-25T11:03:49","modified_gmt":"2024-11-25T10:03:49","slug":"wizyta-pracownikow-naszej-katedry-w-ramach-programu-erasmus-plus","status":"publish","type":"post","link":"https:\/\/igpsm.uek.krakow.pl\/kgp\/2024\/11\/25\/wizyta-pracownikow-naszej-katedry-w-ramach-programu-erasmus-plus\/","title":{"rendered":"Wizyta pracownik\u00f3w naszej katedry w ramach programu Erasmus plus"},"content":{"rendered":"\n<figure class=\"wp-block-embed is-type-wp-embed is-provider-masaryk-v-stav-vy-ch-studi-vut-v-praze wp-block-embed-masaryk-v-stav-vy-ch-studi-vut-v-praze\"><div class=\"wp-block-embed__wrapper\">\n<blockquote class=\"wp-embedded-content\" data-secret=\"suP810B2XC\"><a href=\"https:\/\/www.muvs.cvut.cz\/2024\/11\/zahranicni-hoste-na-muvs-odbornici-na-akustiku-urbanismus-a-zelen-ve-mestech\/\">Zahrani\u010dn\u00ed host\u00e9 na M\u00daVS: odborn\u00edci na akustiku, urbanismus a zele\u0148 ve m\u011bstech<\/a><\/blockquote><iframe class=\"wp-embedded-content\" sandbox=\"allow-scripts\" security=\"restricted\" style=\"position: absolute; visibility: hidden;\" title=\"&#8222;Zahrani\u010dn\u00ed host\u00e9 na M\u00daVS: odborn\u00edci na akustiku, urbanismus a zele\u0148 ve m\u011bstech&#8220; &#8212; Masaryk\u016fv \u00fastav vy\u0161\u0161\u00edch studi\u00ed \u010cVUT v Praze\" src=\"https:\/\/www.muvs.cvut.cz\/2024\/11\/zahranicni-hoste-na-muvs-odbornici-na-akustiku-urbanismus-a-zelen-ve-mestech\/embed\/#?secret=nYEXQfQvjH#?secret=suP810B2XC\" data-secret=\"suP810B2XC\" width=\"600\" height=\"338\" frameborder=\"0\" marginwidth=\"0\" marginheight=\"0\" scrolling=\"no\"><\/iframe>\n<\/div><\/figure>\n","protected":false},"excerpt":{"rendered":"","protected":false},"author":5,"featured_media":2549,"comment_status":"closed","ping_status":"closed","sticky":false,"template":"","format":"standard","meta":{"footnotes":""},"categories":[113],"tags":[],"class_list":["post-2548","post","type-post","status-publish","format-standard","has-post-thumbnail","hentry","category-aktualnosci"],"_links":{"self":[{"href":"https:\/\/igpsm.uek.krakow.pl\/kgp\/wp-json\/wp\/v2\/posts\/2548"}],"collection":[{"href":"https:\/\/igpsm.uek.krakow.pl\/kgp\/wp-json\/wp\/v2\/posts"}],"about":[{"href":"https:\/\/igpsm.uek.krakow.pl\/kgp\/wp-json\/wp\/v2\/types\/post"}],"author":[{"embeddable":true,"href":"https:\/\/igpsm.uek.krakow.pl\/kgp\/wp-json\/wp\/v2\/users\/5"}],"replies":[{"embeddable":true,"href":"https:\/\/igpsm.uek.krakow.pl\/kgp\/wp-json\/wp\/v2\/comments?post=2548"}],"version-history":[{"count":1,"href":"https:\/\/igpsm.uek.krakow.pl\/kgp\/wp-json\/wp\/v2\/posts\/2548\/revisions"}],"predecessor-version":[{"id":2550,"href":"https:\/\/igpsm.uek.krakow.pl\/kgp\/wp-json\/wp\/v2\/posts\/2548\/revisions\/2550"}],"wp:featuredmedia":[{"embeddable":true,"href":"https:\/\/igpsm.uek.krakow.pl\/kgp\/wp-json\/wp\/v2\/media\/2549"}],"wp:attachment":[{"href":"https:\/\/igpsm.uek.krakow.pl\/kgp\/wp-json\/wp\/v2\/media?parent=2548"}],"wp:term":[{"taxonomy":"category","embeddable":true,"href":"https:\/\/igpsm.uek.krakow.pl\/kgp\/wp-json\/wp\/v2\/categories?post=2548"},{"taxonomy":"post_tag","embeddable":true,"href":"https:\/\/igpsm.uek.krakow.pl\/kgp\/wp-json\/wp\/v2\/tags?post=2548"}],"curies":[{"name":"wp","href":"https:\/\/api.w.org\/{rel}","templated":true}]}}