{"id":2573,"date":"2025-03-28T19:14:40","date_gmt":"2025-03-28T18:14:40","guid":{"rendered":"https:\/\/igpsm.uek.krakow.pl\/kgp\/?p=2573"},"modified":"2025-06-25T19:20:28","modified_gmt":"2025-06-25T17:20:28","slug":"dzien-otwarty-26-27-03-2025","status":"publish","type":"post","link":"https:\/\/igpsm.uek.krakow.pl\/kgp\/2025\/03\/28\/dzien-otwarty-26-27-03-2025\/","title":{"rendered":"Dzie\u0144 otwarty 26-27.03.2025"},"content":{"rendered":"\n<p>Szanowni Pa\u0144stwo,<\/p>\n\n\n\n<p>W imieniu koordynator\u00f3w chcieliby\u015bmy serdecznie podzi\u0119kowa\u0107 za udzia\u0142 w Dniach otwartych UEK naszym Pracownikom i Studentom.<\/p>\n\n\n\n<p>Szczeg\u00f3lne podzi\u0119kowania kierujemy dla Pani Izabeli Miki za zaanga\u017cowanie i koordynacj\u0119 dzia\u0142a\u0144 Ko\u0142a Gospodarki Przestrzennej, a za jej po\u015brednictwem podzi\u0119kowania studentom zaanga\u017cowanym w organizacj\u0119 gry terenowej. Wyr\u00f3\u017cni\u0107 te\u017c chcieliby\u015bmy niezawodnych naszych student\u00f3w &#8211; &nbsp;Panie Zofi\u0119 M\u0142ynarsk\u0105 i Ma\u0142gorzat\u0119 Grodek oraz Pana Alana Szadkowskiego za obecno\u015b\u0107 i promowanie Kierunku na Stoisku GP.<\/p>\n\n\n\n<p>Z naszej strony podzi\u0119kowania nale\u017c\u0105 si\u0119 r\u00f3wnie\u017c dla zespo\u0142u, w kt\u00f3rym konsultowane by\u0142y ulotki kierunkowe (doktorzy: Artur Ho\u0142uj, Dorota Jopek, Laura Kochel, Piotrek W\u0119grzynowicz, Marcin Semczuk, a tak\u017ce finalnie Prof. Andrzej Laskowski).<\/p>\n\n\n\n<p>Koordynatorzy Dnia Otwartego &#8211; Laura Kochel, Piotr Serafin<\/p>\n\n\n\n<figure class=\"wp-block-image size-full\"><img fetchpriority=\"high\" decoding=\"async\" width=\"800\" height=\"600\" src=\"https:\/\/igpsm.uek.krakow.pl\/kgp\/wp-content\/uploads\/sites\/3\/2025\/06\/239a360a-2e78-4c09-b3cd-360ae6f94863-1.jpg\" alt=\"\" class=\"wp-image-2576\" srcset=\"https:\/\/igpsm.uek.krakow.pl\/kgp\/wp-content\/uploads\/sites\/3\/2025\/06\/239a360a-2e78-4c09-b3cd-360ae6f94863-1.jpg 800w, https:\/\/igpsm.uek.krakow.pl\/kgp\/wp-content\/uploads\/sites\/3\/2025\/06\/239a360a-2e78-4c09-b3cd-360ae6f94863-1-300x225.jpg 300w, https:\/\/igpsm.uek.krakow.pl\/kgp\/wp-content\/uploads\/sites\/3\/2025\/06\/239a360a-2e78-4c09-b3cd-360ae6f94863-1-768x576.jpg 768w\" sizes=\"(max-width: 800px) 100vw, 800px\" \/><\/figure>\n","protected":false},"excerpt":{"rendered":"<p>Szanowni Pa\u0144stwo, W imieniu koordynator\u00f3w chcieliby\u015bmy serdecznie podzi\u0119kowa\u0107 za udzia\u0142 w Dniach otwartych UEK naszym Pracownikom i Studentom. Szczeg\u00f3lne podzi\u0119kowania kierujemy dla Pani Izabeli Miki za zaanga\u017cowanie i koordynacj\u0119 dzia\u0142a\u0144 Ko\u0142a Gospodarki Przestrzennej, a za jej po\u015brednictwem podzi\u0119kowania studentom zaanga\u017cowanym w organizacj\u0119 gry terenowej. Wyr\u00f3\u017cni\u0107 te\u017c chcieliby\u015bmy niezawodnych naszych student\u00f3w &#8211; &nbsp;Panie Zofi\u0119 M\u0142ynarsk\u0105 i Ma\u0142gorzat\u0119 Grodek oraz Pana Alana Szadkowskiego za obecno\u015b\u0107 i promowanie Kierunku na Stoisku GP. Z naszej strony podzi\u0119kowania nale\u017c\u0105 si\u0119 r\u00f3wnie\u017c dla zespo\u0142u, w kt\u00f3rym konsultowane by\u0142y ulotki kierunkowe (doktorzy: Artur Ho\u0142uj, Dorota Jopek, Laura Kochel, Piotrek W\u0119grzynowicz, Marcin Semczuk, a tak\u017ce finalnie Prof. Andrzej Laskowski). Koordynatorzy Dnia Otwartego &#8211; Laura Kochel, Piotr Serafin<\/p>\n","protected":false},"author":5,"featured_media":2574,"comment_status":"closed","ping_status":"closed","sticky":false,"template":"","format":"standard","meta":{"footnotes":""},"categories":[113],"tags":[],"class_list":["post-2573","post","type-post","status-publish","format-standard","has-post-thumbnail","hentry","category-aktualnosci"],"_links":{"self":[{"href":"https:\/\/igpsm.uek.krakow.pl\/kgp\/wp-json\/wp\/v2\/posts\/2573"}],"collection":[{"href":"https:\/\/igpsm.uek.krakow.pl\/kgp\/wp-json\/wp\/v2\/posts"}],"about":[{"href":"https:\/\/igpsm.uek.krakow.pl\/kgp\/wp-json\/wp\/v2\/types\/post"}],"author":[{"embeddable":true,"href":"https:\/\/igpsm.uek.krakow.pl\/kgp\/wp-json\/wp\/v2\/users\/5"}],"replies":[{"embeddable":true,"href":"https:\/\/igpsm.uek.krakow.pl\/kgp\/wp-json\/wp\/v2\/comments?post=2573"}],"version-history":[{"count":2,"href":"https:\/\/igpsm.uek.krakow.pl\/kgp\/wp-json\/wp\/v2\/posts\/2573\/revisions"}],"predecessor-version":[{"id":2577,"href":"https:\/\/igpsm.uek.krakow.pl\/kgp\/wp-json\/wp\/v2\/posts\/2573\/revisions\/2577"}],"wp:featuredmedia":[{"embeddable":true,"href":"https:\/\/igpsm.uek.krakow.pl\/kgp\/wp-json\/wp\/v2\/media\/2574"}],"wp:attachment":[{"href":"https:\/\/igpsm.uek.krakow.pl\/kgp\/wp-json\/wp\/v2\/media?parent=2573"}],"wp:term":[{"taxonomy":"category","embeddable":true,"href":"https:\/\/igpsm.uek.krakow.pl\/kgp\/wp-json\/wp\/v2\/categories?post=2573"},{"taxonomy":"post_tag","embeddable":true,"href":"https:\/\/igpsm.uek.krakow.pl\/kgp\/wp-json\/wp\/v2\/tags?post=2573"}],"curies":[{"name":"wp","href":"https:\/\/api.w.org\/{rel}","templated":true}]}}