{"id":2579,"date":"2025-05-12T19:52:00","date_gmt":"2025-05-12T17:52:00","guid":{"rendered":"https:\/\/igpsm.uek.krakow.pl\/kgp\/?p=2579"},"modified":"2025-06-25T20:30:07","modified_gmt":"2025-06-25T18:30:07","slug":"warsztaty-we-wloszech-reggio-emilia","status":"publish","type":"post","link":"https:\/\/igpsm.uek.krakow.pl\/kgp\/2025\/05\/12\/warsztaty-we-wloszech-reggio-emilia\/","title":{"rendered":"Warsztaty w Reggio Emilia we W\u0142oszech"},"content":{"rendered":"\n<figure class=\"wp-block-image size-large\"><img fetchpriority=\"high\" decoding=\"async\" width=\"1024\" height=\"768\" src=\"https:\/\/igpsm.uek.krakow.pl\/kgp\/wp-content\/uploads\/sites\/3\/2025\/06\/ff58933c-7a29-48b1-9b7b-95d085a662cd-1024x768.jpg\" alt=\"\" class=\"wp-image-2582\" srcset=\"https:\/\/igpsm.uek.krakow.pl\/kgp\/wp-content\/uploads\/sites\/3\/2025\/06\/ff58933c-7a29-48b1-9b7b-95d085a662cd-1024x768.jpg 1024w, https:\/\/igpsm.uek.krakow.pl\/kgp\/wp-content\/uploads\/sites\/3\/2025\/06\/ff58933c-7a29-48b1-9b7b-95d085a662cd-300x225.jpg 300w, https:\/\/igpsm.uek.krakow.pl\/kgp\/wp-content\/uploads\/sites\/3\/2025\/06\/ff58933c-7a29-48b1-9b7b-95d085a662cd-768x576.jpg 768w, https:\/\/igpsm.uek.krakow.pl\/kgp\/wp-content\/uploads\/sites\/3\/2025\/06\/ff58933c-7a29-48b1-9b7b-95d085a662cd-1536x1152.jpg 1536w, https:\/\/igpsm.uek.krakow.pl\/kgp\/wp-content\/uploads\/sites\/3\/2025\/06\/ff58933c-7a29-48b1-9b7b-95d085a662cd-1140x855.jpg 1140w, https:\/\/igpsm.uek.krakow.pl\/kgp\/wp-content\/uploads\/sites\/3\/2025\/06\/ff58933c-7a29-48b1-9b7b-95d085a662cd.jpg 1600w\" sizes=\"(max-width: 1024px) 100vw, 1024px\" \/><\/figure>\n\n\n\n<p><strong>Nasi Studenci oraz Pracownicy na Warsztatach w Reggio Emilia, W\u0142ochy<\/strong><\/p>\n\n\n\n<p>Z przyjemno\u015bci\u0105 informujemy, \u017ce studenci naszej uczelni kierunku GP wzi\u0119li udzia\u0142 w inspiruj\u0105cych warsztatach pt.&nbsp;<strong>&#8222;Exploring Urban Spaces: Movement Methodologies for Understanding the City&#8221;<\/strong>, kt\u00f3re odby\u0142y si\u0119 w Reggio Emilia we W\u0142oszech 6-10.05.2025. Warsztaty zosta\u0142y zorganizowane przez&nbsp;<strong>University of Modena and Reggio Emilia, Department of Communication and Economics<\/strong>, pod kierownictwem dr Giuli Conti oraz Profesora Federico Montanari.<\/p>\n\n\n\n<p>W projekt wsp\u00f3\u0142organizowali r\u00f3wnie\u017c nasi pracownicy naukowi:\u00a0<strong>dr Dorota Jopek<\/strong>\u00a0oraz\u00a0<strong>dr Laura Kochel<\/strong>\u00a0z UEK, kt\u00f3re zaproponowa\u0142y autorsk\u0105 metod\u0119 badania przestrzeni miasta. Wsp\u00f3\u0142praca obejmowa\u0142a tak\u017ce prowadzenie zaj\u0119\u0107 przez do\u015bwiadczonych trener\u00f3w:\u00a0<strong>Enrico Barbetti<\/strong>\u00a0oraz\u00a0<strong>Lorenzo Manera<\/strong>\u00a0z University of Modena and Reggio Emilia (UNIMORE), a tak\u017ce\u00a0<strong>Rocco Manger<\/strong>\u00a0z Universidad de los Andes. Ca\u0142o\u015bci przygl\u0105dali si\u0119 nauczyciele akademiccy z Francji.<\/p>\n\n\n\n<p>Warsztaty by\u0142y doskona\u0142\u0105 okazj\u0105 do wymiany do\u015bwiadcze\u0144, rozwijania kompetencji oraz pog\u0142\u0119biania wiedzy na temat metodologii badania przestrzeni miejskich w mi\u0119dzynarodowym gronie.<\/p>\n\n\n\n<figure class=\"wp-block-image size-large\"><img decoding=\"async\" width=\"1024\" height=\"768\" src=\"https:\/\/igpsm.uek.krakow.pl\/kgp\/wp-content\/uploads\/sites\/3\/2025\/06\/Reggio-1-1024x768.jpg\" alt=\"\" class=\"wp-image-2581\" srcset=\"https:\/\/igpsm.uek.krakow.pl\/kgp\/wp-content\/uploads\/sites\/3\/2025\/06\/Reggio-1-1024x768.jpg 1024w, https:\/\/igpsm.uek.krakow.pl\/kgp\/wp-content\/uploads\/sites\/3\/2025\/06\/Reggio-1-300x225.jpg 300w, https:\/\/igpsm.uek.krakow.pl\/kgp\/wp-content\/uploads\/sites\/3\/2025\/06\/Reggio-1-768x576.jpg 768w, https:\/\/igpsm.uek.krakow.pl\/kgp\/wp-content\/uploads\/sites\/3\/2025\/06\/Reggio-1-1536x1152.jpg 1536w, https:\/\/igpsm.uek.krakow.pl\/kgp\/wp-content\/uploads\/sites\/3\/2025\/06\/Reggio-1-1140x855.jpg 1140w, https:\/\/igpsm.uek.krakow.pl\/kgp\/wp-content\/uploads\/sites\/3\/2025\/06\/Reggio-1.jpg 1600w\" sizes=\"(max-width: 1024px) 100vw, 1024px\" \/><\/figure>\n\n\n\n<p><\/p>\n\n\n\n<figure class=\"wp-block-image size-large\"><img decoding=\"async\" width=\"1024\" height=\"768\" src=\"https:\/\/igpsm.uek.krakow.pl\/kgp\/wp-content\/uploads\/sites\/3\/2025\/06\/Reggio-2-1024x768.jpg\" alt=\"\" class=\"wp-image-2580\" srcset=\"https:\/\/igpsm.uek.krakow.pl\/kgp\/wp-content\/uploads\/sites\/3\/2025\/06\/Reggio-2-1024x768.jpg 1024w, https:\/\/igpsm.uek.krakow.pl\/kgp\/wp-content\/uploads\/sites\/3\/2025\/06\/Reggio-2-300x225.jpg 300w, https:\/\/igpsm.uek.krakow.pl\/kgp\/wp-content\/uploads\/sites\/3\/2025\/06\/Reggio-2-768x576.jpg 768w, https:\/\/igpsm.uek.krakow.pl\/kgp\/wp-content\/uploads\/sites\/3\/2025\/06\/Reggio-2-1536x1152.jpg 1536w, https:\/\/igpsm.uek.krakow.pl\/kgp\/wp-content\/uploads\/sites\/3\/2025\/06\/Reggio-2-1140x855.jpg 1140w, https:\/\/igpsm.uek.krakow.pl\/kgp\/wp-content\/uploads\/sites\/3\/2025\/06\/Reggio-2.jpg 2000w\" sizes=\"(max-width: 1024px) 100vw, 1024px\" \/><\/figure>\n\n\n\n<p><\/p>\n","protected":false},"excerpt":{"rendered":"<p>Nasi Studenci oraz Pracownicy na Warsztatach w Reggio Emilia, W\u0142ochy Z przyjemno\u015bci\u0105 informujemy, \u017ce studenci naszej uczelni kierunku GP wzi\u0119li udzia\u0142 w inspiruj\u0105cych warsztatach pt.&nbsp;&#8222;Exploring Urban Spaces: Movement Methodologies for Understanding the City&#8221;, kt\u00f3re odby\u0142y si\u0119 w Reggio Emilia we W\u0142oszech 6-10.05.2025. Warsztaty zosta\u0142y zorganizowane przez&nbsp;University of Modena and Reggio Emilia, Department of Communication and Economics, pod kierownictwem dr Giuli Conti oraz Profesora Federico Montanari. W projekt wsp\u00f3\u0142organizowali r\u00f3wnie\u017c nasi pracownicy naukowi:\u00a0dr Dorota Jopek\u00a0oraz\u00a0dr Laura Kochel\u00a0z UEK, kt\u00f3re zaproponowa\u0142y autorsk\u0105 metod\u0119 badania przestrzeni miasta. Wsp\u00f3\u0142praca obejmowa\u0142a tak\u017ce prowadzenie zaj\u0119\u0107 przez do\u015bwiadczonych trener\u00f3w:\u00a0Enrico Barbetti\u00a0oraz\u00a0Lorenzo Manera\u00a0z University of Modena and Reggio Emilia (UNIMORE), a tak\u017ce\u00a0Rocco Manger\u00a0z Universidad de los Andes. Ca\u0142o\u015bci przygl\u0105dali si\u0119 nauczyciele akademiccy z Francji. Warsztaty by\u0142y doskona\u0142\u0105 okazj\u0105 do wymiany do\u015bwiadcze\u0144, rozwijania kompetencji oraz pog\u0142\u0119biania wiedzy na temat metodologii badania przestrzeni miejskich w mi\u0119dzynarodowym gronie.<\/p>\n","protected":false},"author":5,"featured_media":2582,"comment_status":"closed","ping_status":"closed","sticky":false,"template":"","format":"standard","meta":{"footnotes":""},"categories":[113],"tags":[],"class_list":["post-2579","post","type-post","status-publish","format-standard","has-post-thumbnail","hentry","category-aktualnosci"],"_links":{"self":[{"href":"https:\/\/igpsm.uek.krakow.pl\/kgp\/wp-json\/wp\/v2\/posts\/2579"}],"collection":[{"href":"https:\/\/igpsm.uek.krakow.pl\/kgp\/wp-json\/wp\/v2\/posts"}],"about":[{"href":"https:\/\/igpsm.uek.krakow.pl\/kgp\/wp-json\/wp\/v2\/types\/post"}],"author":[{"embeddable":true,"href":"https:\/\/igpsm.uek.krakow.pl\/kgp\/wp-json\/wp\/v2\/users\/5"}],"replies":[{"embeddable":true,"href":"https:\/\/igpsm.uek.krakow.pl\/kgp\/wp-json\/wp\/v2\/comments?post=2579"}],"version-history":[{"count":4,"href":"https:\/\/igpsm.uek.krakow.pl\/kgp\/wp-json\/wp\/v2\/posts\/2579\/revisions"}],"predecessor-version":[{"id":2597,"href":"https:\/\/igpsm.uek.krakow.pl\/kgp\/wp-json\/wp\/v2\/posts\/2579\/revisions\/2597"}],"wp:featuredmedia":[{"embeddable":true,"href":"https:\/\/igpsm.uek.krakow.pl\/kgp\/wp-json\/wp\/v2\/media\/2582"}],"wp:attachment":[{"href":"https:\/\/igpsm.uek.krakow.pl\/kgp\/wp-json\/wp\/v2\/media?parent=2579"}],"wp:term":[{"taxonomy":"category","embeddable":true,"href":"https:\/\/igpsm.uek.krakow.pl\/kgp\/wp-json\/wp\/v2\/categories?post=2579"},{"taxonomy":"post_tag","embeddable":true,"href":"https:\/\/igpsm.uek.krakow.pl\/kgp\/wp-json\/wp\/v2\/tags?post=2579"}],"curies":[{"name":"wp","href":"https:\/\/api.w.org\/{rel}","templated":true}]}}