{"id":2592,"date":"2025-04-25T20:26:00","date_gmt":"2025-04-25T18:26:00","guid":{"rendered":"https:\/\/igpsm.uek.krakow.pl\/kgp\/?p=2592"},"modified":"2025-06-25T20:28:09","modified_gmt":"2025-06-25T18:28:09","slug":"zajecia-terenowe-w-wiedniu","status":"publish","type":"post","link":"https:\/\/igpsm.uek.krakow.pl\/kgp\/2025\/04\/25\/zajecia-terenowe-w-wiedniu\/","title":{"rendered":"Zaj\u0119cia terenowe w Wiedniu"},"content":{"rendered":"\n\n\n<p><\/p>\n\n\n\n<p><strong>Po raz kolejny nasi studenci pod opiek\u0105 dr Agnieszki W\u0142och-Szymli odwiedzili Wiede\u0144<\/strong><\/p>\n\n\n\n<p>Z przyjemno\u015bci\u0105 informujemy, \u017ce studenci naszego kierunku ponownie uczestniczyli w wyje\u017adzie do Wiednia pod opiek\u0105 dr Agnieszki W\u0142och-Szymli. Wyjazd by\u0142 okazj\u0105 do poznania bogatej historii, r\u00f3\u017cnorodnej architektury oraz wsp\u00f3\u0142czesnych rozwi\u0105za\u0144 urbanistycznych stolicy Austrii.<\/p>\n\n\n\n<p>Podczas wizyty studenci mieli mo\u017cliwo\u015b\u0107 zapozna\u0107 si\u0119 z unikalnym charakterem miasta, kt\u00f3rego uk\u0142ad urbanistyczny odzwierciedla zar\u00f3wno rzymskie korzenie, jak i wp\u0142ywy \u015bredniowieczne oraz nowoczesne inwestycje. Szczeg\u00f3ln\u0105 uwag\u0119 po\u015bwi\u0119cono zagadnieniom kszta\u0142towania przestrzeni publicznej oraz nowoczesnym realizacjom, takim jak modelowa dzielnica Seestadt Aspern, kt\u00f3ra \u0142\u0105czy funkcje mieszkaniowe, us\u0142ugowe i rekreacyjne. <\/p>\n\n\n\n<p>Wyjazd by\u0142 doskona\u0142\u0105 lekcj\u0105 projektowania urbanistycznego i inspiracj\u0105 do dalszego rozwoju.<\/p>\n\n\n\n<p><\/p>\n","protected":false},"excerpt":{"rendered":"<p>Po raz kolejny nasi studenci pod opiek\u0105 dr Agnieszki W\u0142och-Szymli odwiedzili Wiede\u0144 Z przyjemno\u015bci\u0105 informujemy, \u017ce studenci naszego kierunku ponownie uczestniczyli w wyje\u017adzie do Wiednia pod opiek\u0105 dr Agnieszki W\u0142och-Szymli. Wyjazd by\u0142 okazj\u0105 do poznania bogatej historii, r\u00f3\u017cnorodnej architektury oraz wsp\u00f3\u0142czesnych rozwi\u0105za\u0144 urbanistycznych stolicy Austrii. Podczas wizyty studenci mieli mo\u017cliwo\u015b\u0107 zapozna\u0107 si\u0119 z unikalnym charakterem miasta, kt\u00f3rego uk\u0142ad urbanistyczny odzwierciedla zar\u00f3wno rzymskie korzenie, jak i wp\u0142ywy \u015bredniowieczne oraz nowoczesne inwestycje. Szczeg\u00f3ln\u0105 uwag\u0119 po\u015bwi\u0119cono zagadnieniom kszta\u0142towania przestrzeni publicznej oraz nowoczesnym realizacjom, takim jak modelowa dzielnica Seestadt Aspern, kt\u00f3ra \u0142\u0105czy funkcje mieszkaniowe, us\u0142ugowe i rekreacyjne. Wyjazd by\u0142 doskona\u0142\u0105 lekcj\u0105 projektowania urbanistycznego i inspiracj\u0105 do dalszego rozwoju.<\/p>\n","protected":false},"author":5,"featured_media":2593,"comment_status":"closed","ping_status":"closed","sticky":false,"template":"","format":"standard","meta":{"footnotes":""},"categories":[113],"tags":[],"class_list":["post-2592","post","type-post","status-publish","format-standard","has-post-thumbnail","hentry","category-aktualnosci"],"_links":{"self":[{"href":"https:\/\/igpsm.uek.krakow.pl\/kgp\/wp-json\/wp\/v2\/posts\/2592"}],"collection":[{"href":"https:\/\/igpsm.uek.krakow.pl\/kgp\/wp-json\/wp\/v2\/posts"}],"about":[{"href":"https:\/\/igpsm.uek.krakow.pl\/kgp\/wp-json\/wp\/v2\/types\/post"}],"author":[{"embeddable":true,"href":"https:\/\/igpsm.uek.krakow.pl\/kgp\/wp-json\/wp\/v2\/users\/5"}],"replies":[{"embeddable":true,"href":"https:\/\/igpsm.uek.krakow.pl\/kgp\/wp-json\/wp\/v2\/comments?post=2592"}],"version-history":[{"count":1,"href":"https:\/\/igpsm.uek.krakow.pl\/kgp\/wp-json\/wp\/v2\/posts\/2592\/revisions"}],"predecessor-version":[{"id":2594,"href":"https:\/\/igpsm.uek.krakow.pl\/kgp\/wp-json\/wp\/v2\/posts\/2592\/revisions\/2594"}],"wp:featuredmedia":[{"embeddable":true,"href":"https:\/\/igpsm.uek.krakow.pl\/kgp\/wp-json\/wp\/v2\/media\/2593"}],"wp:attachment":[{"href":"https:\/\/igpsm.uek.krakow.pl\/kgp\/wp-json\/wp\/v2\/media?parent=2592"}],"wp:term":[{"taxonomy":"category","embeddable":true,"href":"https:\/\/igpsm.uek.krakow.pl\/kgp\/wp-json\/wp\/v2\/categories?post=2592"},{"taxonomy":"post_tag","embeddable":true,"href":"https:\/\/igpsm.uek.krakow.pl\/kgp\/wp-json\/wp\/v2\/tags?post=2592"}],"curies":[{"name":"wp","href":"https:\/\/api.w.org\/{rel}","templated":true}]}}