{"id":2598,"date":"2025-06-25T20:39:52","date_gmt":"2025-06-25T18:39:52","guid":{"rendered":"https:\/\/igpsm.uek.krakow.pl\/kgp\/?p=2598"},"modified":"2025-06-25T20:39:53","modified_gmt":"2025-06-25T18:39:53","slug":"ognisko-integracyjne-pracownikow-i-studentow-gp-kolejna-edycja-czerwiec-2025","status":"publish","type":"post","link":"https:\/\/igpsm.uek.krakow.pl\/kgp\/2025\/06\/25\/ognisko-integracyjne-pracownikow-i-studentow-gp-kolejna-edycja-czerwiec-2025\/","title":{"rendered":"Ognisko integracyjne pracownik\u00f3w i student\u00f3w GP &#8211; kolejna edycja czerwiec 2025"},"content":{"rendered":"\n<p><strong>Z przyjemno\u015bci\u0105 informowali\u015bmy, \u017ce po raz dziesi\u0105ty zorganizowali\u015bmy spotkanie integracyjne przy ognisku, kt\u00f3re odby\u0142o si\u0119 4 czerwca 2025 r. w Kryspinowie, na terenie Eventy Kryspin\u00f3w Sp. z o.o., lokalizacja nr 3 \u2013 miejscu dobrze znanym z poprzednich edycji.<\/strong><\/p>\n\n\n\n<p>Chcieliby\u015bmy podkre\u015bli\u0107, \u017ce inicjatywa ta by\u0142a naszym wsp\u00f3lnym przedsi\u0119wzi\u0119ciem, koncentruj\u0105cym si\u0119 wok\u00f3\u0142 kierunku gospodarka przestrzenna. Spotkanie to sprzyja\u0142o integracji \u015brodowiska akademickiego i studenckiego.<\/p>\n\n\n\n<p><strong>Serdecznie dzi\u0119kujemy wszystkim uczestnikom za obecno\u015b\u0107 i zaanga\u017cowanie podczas tegorocznej oraz poprzednich edycji. To dzi\u0119ki Wam nasza wsp\u00f3lnota jest tak wyj\u0105tkowa!<\/strong><br>Liczymy na kolejne inspiruj\u0105ce rozmowy i niezapomniane chwile przy ognisku w przysz\u0142o\u015bci. Koordynatorem i inicjatorem wydarzenia jest od lat dr Laura Kochel. <\/p>\n","protected":false},"excerpt":{"rendered":"<p>Z przyjemno\u015bci\u0105 informowali\u015bmy, \u017ce po raz dziesi\u0105ty zorganizowali\u015bmy spotkanie integracyjne przy ognisku, kt\u00f3re odby\u0142o si\u0119 4 czerwca 2025 r. w Kryspinowie, na terenie Eventy Kryspin\u00f3w Sp. z o.o., lokalizacja nr 3 \u2013 miejscu dobrze znanym z poprzednich edycji. Chcieliby\u015bmy podkre\u015bli\u0107, \u017ce inicjatywa ta by\u0142a naszym wsp\u00f3lnym przedsi\u0119wzi\u0119ciem, koncentruj\u0105cym si\u0119 wok\u00f3\u0142 kierunku gospodarka przestrzenna. Spotkanie to sprzyja\u0142o integracji \u015brodowiska akademickiego i studenckiego. Serdecznie dzi\u0119kujemy wszystkim uczestnikom za obecno\u015b\u0107 i zaanga\u017cowanie podczas tegorocznej oraz poprzednich edycji. To dzi\u0119ki Wam nasza wsp\u00f3lnota jest tak wyj\u0105tkowa!Liczymy na kolejne inspiruj\u0105ce rozmowy i niezapomniane chwile przy ognisku w przysz\u0142o\u015bci. Koordynatorem i inicjatorem wydarzenia jest od lat dr Laura Kochel.<\/p>\n","protected":false},"author":5,"featured_media":0,"comment_status":"closed","ping_status":"closed","sticky":false,"template":"","format":"standard","meta":{"footnotes":""},"categories":[113],"tags":[],"class_list":["post-2598","post","type-post","status-publish","format-standard","hentry","category-aktualnosci"],"_links":{"self":[{"href":"https:\/\/igpsm.uek.krakow.pl\/kgp\/wp-json\/wp\/v2\/posts\/2598"}],"collection":[{"href":"https:\/\/igpsm.uek.krakow.pl\/kgp\/wp-json\/wp\/v2\/posts"}],"about":[{"href":"https:\/\/igpsm.uek.krakow.pl\/kgp\/wp-json\/wp\/v2\/types\/post"}],"author":[{"embeddable":true,"href":"https:\/\/igpsm.uek.krakow.pl\/kgp\/wp-json\/wp\/v2\/users\/5"}],"replies":[{"embeddable":true,"href":"https:\/\/igpsm.uek.krakow.pl\/kgp\/wp-json\/wp\/v2\/comments?post=2598"}],"version-history":[{"count":1,"href":"https:\/\/igpsm.uek.krakow.pl\/kgp\/wp-json\/wp\/v2\/posts\/2598\/revisions"}],"predecessor-version":[{"id":2599,"href":"https:\/\/igpsm.uek.krakow.pl\/kgp\/wp-json\/wp\/v2\/posts\/2598\/revisions\/2599"}],"wp:attachment":[{"href":"https:\/\/igpsm.uek.krakow.pl\/kgp\/wp-json\/wp\/v2\/media?parent=2598"}],"wp:term":[{"taxonomy":"category","embeddable":true,"href":"https:\/\/igpsm.uek.krakow.pl\/kgp\/wp-json\/wp\/v2\/categories?post=2598"},{"taxonomy":"post_tag","embeddable":true,"href":"https:\/\/igpsm.uek.krakow.pl\/kgp\/wp-json\/wp\/v2\/tags?post=2598"}],"curies":[{"name":"wp","href":"https:\/\/api.w.org\/{rel}","templated":true}]}}