{"id":2636,"date":"2025-03-27T07:04:00","date_gmt":"2025-03-27T06:04:00","guid":{"rendered":"https:\/\/igpsm.uek.krakow.pl\/kgp\/?p=2636"},"modified":"2025-07-12T07:13:33","modified_gmt":"2025-07-12T05:13:33","slug":"spotkanie-z-otoczeniem-spoleczno-gospodarczym","status":"publish","type":"post","link":"https:\/\/igpsm.uek.krakow.pl\/kgp\/2025\/03\/27\/spotkanie-z-otoczeniem-spoleczno-gospodarczym\/","title":{"rendered":"Spotkanie z otoczeniem spo\u0142eczno-gospodarczym w ramach wsp\u00f3\u0142pracy z Planowania przestrzennego"},"content":{"rendered":"\n<p>W dniu 26 marca 2025 roku w godzinach 15:00\u201317:00 w Sali Senackiej odby\u0142o si\u0119 spotkanie kierunku Gospodarka przestrzenna z otoczeniem spo\u0142eczno-gospodarczym \u2013 Sp\u00f3\u0142k\u0105 dla Zagospodarowania Wsp\u00f3lnoty Gruntowej we wsi Budzy\u0144 (NIP: 9442129385, REGON: 356534800), reprezentowan\u0105 przez Prezesa Zarz\u0105du, Pana Stanis\u0142awa Kruka.<\/p>\n\n\n\n<p>Spotkanie ma na celu zacie\u015bnienie wsp\u00f3\u0142pracy w ramach przedmiotu Planowanie przestrzenne, prowadzonego przez dr in\u017c. arch. kraj. Laur\u0119 Kochel oraz dr in\u017c. arch. Dorot\u0119 Jopek. G\u0142\u00f3wnym celem spotkania by\u0142o przedstawienie koncepcji funkcjonalno-przestrzennej, w tym propozycji podzia\u0142u nieruchomo\u015bci na terenie so\u0142ectwa Budzy\u0144. Koncepcje te zosta\u0142y opracowane przez student\u00f3w w ramach I semestru studi\u00f3w, uwzgl\u0119dniaj\u0105c zar\u00f3wno interes publiczny, jak i prywatny. Projekty podejmuj\u0105 istotne zagadnienia zwi\u0105zane ze zr\u00f3\u017cnicowaniem funkcji przestrzennych oraz partycypacj\u0105 spo\u0142eczn\u0105 w procesach planowania. W ramach tej wsp\u00f3\u0142pracy mo\u017cliwe b\u0119dzie r\u00f3wnie\u017c poznanie opinii przedstawicieli Sp\u00f3\u0142ki na temat propozycji zagospodarowania obszaru.<\/p>\n\n\n\n<p>W spotkaniu wzi\u0119li udzia\u0142 kadra akademicka oraz studenci II roku kierunku Gospodarka Przestrzenna &#8211; grupy GGGIS1-2411IP, GGGIS1-2412IP, GGGIS1-2413IP.<\/p>\n\n\n\n<figure class=\"wp-block-image size-large is-style-default\"><img fetchpriority=\"high\" decoding=\"async\" width=\"1024\" height=\"768\" src=\"https:\/\/igpsm.uek.krakow.pl\/kgp\/wp-content\/uploads\/sites\/3\/2025\/07\/IMG_0408-1024x768.jpg\" alt=\"\" class=\"wp-image-2637\" srcset=\"https:\/\/igpsm.uek.krakow.pl\/kgp\/wp-content\/uploads\/sites\/3\/2025\/07\/IMG_0408-1024x768.jpg 1024w, https:\/\/igpsm.uek.krakow.pl\/kgp\/wp-content\/uploads\/sites\/3\/2025\/07\/IMG_0408-300x225.jpg 300w, https:\/\/igpsm.uek.krakow.pl\/kgp\/wp-content\/uploads\/sites\/3\/2025\/07\/IMG_0408-768x576.jpg 768w, https:\/\/igpsm.uek.krakow.pl\/kgp\/wp-content\/uploads\/sites\/3\/2025\/07\/IMG_0408-1536x1152.jpg 1536w, https:\/\/igpsm.uek.krakow.pl\/kgp\/wp-content\/uploads\/sites\/3\/2025\/07\/IMG_0408-2048x1536.jpg 2048w, https:\/\/igpsm.uek.krakow.pl\/kgp\/wp-content\/uploads\/sites\/3\/2025\/07\/IMG_0408-1140x855.jpg 1140w\" sizes=\"(max-width: 1024px) 100vw, 1024px\" \/><\/figure>\n\n\n\n<figure class=\"wp-block-gallery has-nested-images columns-default is-cropped wp-block-gallery-1 is-layout-flex wp-block-gallery-is-layout-flex\">\n<figure class=\"wp-block-image size-large\"><img decoding=\"async\" width=\"1024\" height=\"768\" data-id=\"2644\" src=\"https:\/\/igpsm.uek.krakow.pl\/kgp\/wp-content\/uploads\/sites\/3\/2025\/07\/IMG_0406-1024x768.jpg\" alt=\"\" class=\"wp-image-2644\" srcset=\"https:\/\/igpsm.uek.krakow.pl\/kgp\/wp-content\/uploads\/sites\/3\/2025\/07\/IMG_0406-1024x768.jpg 1024w, https:\/\/igpsm.uek.krakow.pl\/kgp\/wp-content\/uploads\/sites\/3\/2025\/07\/IMG_0406-300x225.jpg 300w, https:\/\/igpsm.uek.krakow.pl\/kgp\/wp-content\/uploads\/sites\/3\/2025\/07\/IMG_0406-768x576.jpg 768w, https:\/\/igpsm.uek.krakow.pl\/kgp\/wp-content\/uploads\/sites\/3\/2025\/07\/IMG_0406-1536x1152.jpg 1536w, https:\/\/igpsm.uek.krakow.pl\/kgp\/wp-content\/uploads\/sites\/3\/2025\/07\/IMG_0406-2048x1536.jpg 2048w, https:\/\/igpsm.uek.krakow.pl\/kgp\/wp-content\/uploads\/sites\/3\/2025\/07\/IMG_0406-1140x855.jpg 1140w\" sizes=\"(max-width: 1024px) 100vw, 1024px\" \/><\/figure>\n\n\n\n<figure class=\"wp-block-image size-large\"><img decoding=\"async\" width=\"1024\" height=\"768\" data-id=\"2642\" src=\"https:\/\/igpsm.uek.krakow.pl\/kgp\/wp-content\/uploads\/sites\/3\/2025\/07\/IMG_0404-1024x768.jpg\" alt=\"\" class=\"wp-image-2642\" srcset=\"https:\/\/igpsm.uek.krakow.pl\/kgp\/wp-content\/uploads\/sites\/3\/2025\/07\/IMG_0404-1024x768.jpg 1024w, https:\/\/igpsm.uek.krakow.pl\/kgp\/wp-content\/uploads\/sites\/3\/2025\/07\/IMG_0404-300x225.jpg 300w, https:\/\/igpsm.uek.krakow.pl\/kgp\/wp-content\/uploads\/sites\/3\/2025\/07\/IMG_0404-768x576.jpg 768w, https:\/\/igpsm.uek.krakow.pl\/kgp\/wp-content\/uploads\/sites\/3\/2025\/07\/IMG_0404-1536x1152.jpg 1536w, https:\/\/igpsm.uek.krakow.pl\/kgp\/wp-content\/uploads\/sites\/3\/2025\/07\/IMG_0404-2048x1536.jpg 2048w, https:\/\/igpsm.uek.krakow.pl\/kgp\/wp-content\/uploads\/sites\/3\/2025\/07\/IMG_0404-1140x855.jpg 1140w\" sizes=\"(max-width: 1024px) 100vw, 1024px\" \/><\/figure>\n\n\n\n<figure class=\"wp-block-image size-large\"><img loading=\"lazy\" decoding=\"async\" width=\"1024\" height=\"768\" data-id=\"2640\" src=\"https:\/\/igpsm.uek.krakow.pl\/kgp\/wp-content\/uploads\/sites\/3\/2025\/07\/IMG_0402-1024x768.jpg\" alt=\"\" class=\"wp-image-2640\" srcset=\"https:\/\/igpsm.uek.krakow.pl\/kgp\/wp-content\/uploads\/sites\/3\/2025\/07\/IMG_0402-1024x768.jpg 1024w, https:\/\/igpsm.uek.krakow.pl\/kgp\/wp-content\/uploads\/sites\/3\/2025\/07\/IMG_0402-300x225.jpg 300w, https:\/\/igpsm.uek.krakow.pl\/kgp\/wp-content\/uploads\/sites\/3\/2025\/07\/IMG_0402-768x576.jpg 768w, https:\/\/igpsm.uek.krakow.pl\/kgp\/wp-content\/uploads\/sites\/3\/2025\/07\/IMG_0402-1536x1152.jpg 1536w, https:\/\/igpsm.uek.krakow.pl\/kgp\/wp-content\/uploads\/sites\/3\/2025\/07\/IMG_0402-2048x1536.jpg 2048w, https:\/\/igpsm.uek.krakow.pl\/kgp\/wp-content\/uploads\/sites\/3\/2025\/07\/IMG_0402-1140x855.jpg 1140w\" sizes=\"(max-width: 1024px) 100vw, 1024px\" \/><\/figure>\n\n\n\n<figure class=\"wp-block-image size-large\"><img loading=\"lazy\" decoding=\"async\" width=\"1024\" height=\"768\" data-id=\"2641\" src=\"https:\/\/igpsm.uek.krakow.pl\/kgp\/wp-content\/uploads\/sites\/3\/2025\/07\/IMG_0403-1024x768.jpg\" alt=\"\" class=\"wp-image-2641\" srcset=\"https:\/\/igpsm.uek.krakow.pl\/kgp\/wp-content\/uploads\/sites\/3\/2025\/07\/IMG_0403-1024x768.jpg 1024w, https:\/\/igpsm.uek.krakow.pl\/kgp\/wp-content\/uploads\/sites\/3\/2025\/07\/IMG_0403-300x225.jpg 300w, https:\/\/igpsm.uek.krakow.pl\/kgp\/wp-content\/uploads\/sites\/3\/2025\/07\/IMG_0403-768x576.jpg 768w, https:\/\/igpsm.uek.krakow.pl\/kgp\/wp-content\/uploads\/sites\/3\/2025\/07\/IMG_0403-1536x1152.jpg 1536w, https:\/\/igpsm.uek.krakow.pl\/kgp\/wp-content\/uploads\/sites\/3\/2025\/07\/IMG_0403-2048x1536.jpg 2048w, https:\/\/igpsm.uek.krakow.pl\/kgp\/wp-content\/uploads\/sites\/3\/2025\/07\/IMG_0403-1140x855.jpg 1140w\" sizes=\"(max-width: 1024px) 100vw, 1024px\" \/><\/figure>\n\n\n\n<figure class=\"wp-block-image size-large\"><img loading=\"lazy\" decoding=\"async\" width=\"1024\" height=\"768\" data-id=\"2639\" src=\"https:\/\/igpsm.uek.krakow.pl\/kgp\/wp-content\/uploads\/sites\/3\/2025\/07\/IMG_0401-1024x768.jpg\" alt=\"\" class=\"wp-image-2639\" srcset=\"https:\/\/igpsm.uek.krakow.pl\/kgp\/wp-content\/uploads\/sites\/3\/2025\/07\/IMG_0401-1024x768.jpg 1024w, https:\/\/igpsm.uek.krakow.pl\/kgp\/wp-content\/uploads\/sites\/3\/2025\/07\/IMG_0401-300x225.jpg 300w, https:\/\/igpsm.uek.krakow.pl\/kgp\/wp-content\/uploads\/sites\/3\/2025\/07\/IMG_0401-768x576.jpg 768w, https:\/\/igpsm.uek.krakow.pl\/kgp\/wp-content\/uploads\/sites\/3\/2025\/07\/IMG_0401-1536x1152.jpg 1536w, https:\/\/igpsm.uek.krakow.pl\/kgp\/wp-content\/uploads\/sites\/3\/2025\/07\/IMG_0401-2048x1536.jpg 2048w, https:\/\/igpsm.uek.krakow.pl\/kgp\/wp-content\/uploads\/sites\/3\/2025\/07\/IMG_0401-1140x855.jpg 1140w\" sizes=\"(max-width: 1024px) 100vw, 1024px\" \/><\/figure>\n<\/figure>\n","protected":false},"excerpt":{"rendered":"<p>W dniu 26 marca 2025 roku w godzinach 15:00\u201317:00 w Sali Senackiej odby\u0142o si\u0119 spotkanie kierunku Gospodarka przestrzenna z otoczeniem spo\u0142eczno-gospodarczym \u2013 Sp\u00f3\u0142k\u0105 dla Zagospodarowania Wsp\u00f3lnoty Gruntowej we wsi Budzy\u0144 (NIP: 9442129385, REGON: 356534800), reprezentowan\u0105 przez Prezesa Zarz\u0105du, Pana Stanis\u0142awa Kruka. Spotkanie ma na celu zacie\u015bnienie wsp\u00f3\u0142pracy w ramach przedmiotu Planowanie przestrzenne, prowadzonego przez dr in\u017c. arch. kraj. Laur\u0119 Kochel oraz dr in\u017c. arch. Dorot\u0119 Jopek. G\u0142\u00f3wnym celem spotkania by\u0142o przedstawienie koncepcji funkcjonalno-przestrzennej, w tym propozycji podzia\u0142u nieruchomo\u015bci na terenie so\u0142ectwa Budzy\u0144. Koncepcje te zosta\u0142y opracowane przez student\u00f3w w ramach I semestru studi\u00f3w, uwzgl\u0119dniaj\u0105c zar\u00f3wno interes publiczny, jak i prywatny. Projekty podejmuj\u0105 istotne zagadnienia zwi\u0105zane ze zr\u00f3\u017cnicowaniem funkcji przestrzennych oraz partycypacj\u0105 spo\u0142eczn\u0105 w procesach planowania. W ramach tej wsp\u00f3\u0142pracy mo\u017cliwe b\u0119dzie r\u00f3wnie\u017c poznanie opinii przedstawicieli Sp\u00f3\u0142ki na temat propozycji zagospodarowania obszaru. W spotkaniu wzi\u0119li udzia\u0142 kadra akademicka oraz studenci II roku kierunku Gospodarka Przestrzenna &#8211; grupy GGGIS1-2411IP, GGGIS1-2412IP, GGGIS1-2413IP.<\/p>\n","protected":false},"author":5,"featured_media":2645,"comment_status":"closed","ping_status":"closed","sticky":false,"template":"","format":"standard","meta":{"footnotes":""},"categories":[113],"tags":[],"class_list":["post-2636","post","type-post","status-publish","format-standard","has-post-thumbnail","hentry","category-aktualnosci"],"_links":{"self":[{"href":"https:\/\/igpsm.uek.krakow.pl\/kgp\/wp-json\/wp\/v2\/posts\/2636"}],"collection":[{"href":"https:\/\/igpsm.uek.krakow.pl\/kgp\/wp-json\/wp\/v2\/posts"}],"about":[{"href":"https:\/\/igpsm.uek.krakow.pl\/kgp\/wp-json\/wp\/v2\/types\/post"}],"author":[{"embeddable":true,"href":"https:\/\/igpsm.uek.krakow.pl\/kgp\/wp-json\/wp\/v2\/users\/5"}],"replies":[{"embeddable":true,"href":"https:\/\/igpsm.uek.krakow.pl\/kgp\/wp-json\/wp\/v2\/comments?post=2636"}],"version-history":[{"count":5,"href":"https:\/\/igpsm.uek.krakow.pl\/kgp\/wp-json\/wp\/v2\/posts\/2636\/revisions"}],"predecessor-version":[{"id":2651,"href":"https:\/\/igpsm.uek.krakow.pl\/kgp\/wp-json\/wp\/v2\/posts\/2636\/revisions\/2651"}],"wp:featuredmedia":[{"embeddable":true,"href":"https:\/\/igpsm.uek.krakow.pl\/kgp\/wp-json\/wp\/v2\/media\/2645"}],"wp:attachment":[{"href":"https:\/\/igpsm.uek.krakow.pl\/kgp\/wp-json\/wp\/v2\/media?parent=2636"}],"wp:term":[{"taxonomy":"category","embeddable":true,"href":"https:\/\/igpsm.uek.krakow.pl\/kgp\/wp-json\/wp\/v2\/categories?post=2636"},{"taxonomy":"post_tag","embeddable":true,"href":"https:\/\/igpsm.uek.krakow.pl\/kgp\/wp-json\/wp\/v2\/tags?post=2636"}],"curies":[{"name":"wp","href":"https:\/\/api.w.org\/{rel}","templated":true}]}}