{"id":2655,"date":"2025-05-08T17:51:00","date_gmt":"2025-05-08T15:51:00","guid":{"rendered":"https:\/\/igpsm.uek.krakow.pl\/kgp\/?p=2655"},"modified":"2025-11-03T18:00:00","modified_gmt":"2025-11-03T17:00:00","slug":"podpisanie-umowy-o-wspolpracy-z-izba-architektow-rzeczypospolitej-polskiej-i-malopolska-okregowa-izba-architektow-rp","status":"publish","type":"post","link":"https:\/\/igpsm.uek.krakow.pl\/kgp\/2025\/05\/08\/podpisanie-umowy-o-wspolpracy-z-izba-architektow-rzeczypospolitej-polskiej-i-malopolska-okregowa-izba-architektow-rp\/","title":{"rendered":"Podpisanie umowy o wsp\u00f3\u0142pracy z Izb\u0105 Architekt\u00f3w Rzeczypospolitej Polskiej i Ma\u0142opolsk\u0105 Okr\u0119gow\u0105 Izb\u0105 Architekt\u00f3w RP"},"content":{"rendered":"\t\t<div data-elementor-type=\"wp-post\" data-elementor-id=\"2655\" class=\"elementor elementor-2655\">\n\t\t\t\t\t\t<section data-particle_enable=\"false\" data-particle-mobile-disabled=\"false\" class=\"elementor-section elementor-top-section elementor-element elementor-element-17d0854 elementor-section-boxed elementor-section-height-default elementor-section-height-default\" data-id=\"17d0854\" data-element_type=\"section\" data-settings=\"{&quot;jet_parallax_layout_list&quot;:[]}\">\n\t\t\t\t\t\t<div class=\"elementor-container elementor-column-gap-default\">\n\t\t\t\t\t<div class=\"elementor-column elementor-col-100 elementor-top-column elementor-element elementor-element-47661ba\" data-id=\"47661ba\" data-element_type=\"column\">\n\t\t\t<div class=\"elementor-widget-wrap elementor-element-populated\">\n\t\t\t\t\t\t<div class=\"elementor-element elementor-element-bc73cab elementor-widget elementor-widget-text-editor\" data-id=\"bc73cab\" data-element_type=\"widget\" data-widget_type=\"text-editor.default\">\n\t\t\t\t<div class=\"elementor-widget-container\">\n\t\t\t\t\t\t\t<p>7 maja 2025 r. w Sali Profesorskiej UEK odby\u0142o si\u0119 spotkanie, podczas kt\u00f3rego JM Rektor dr hab. Bernard Zi\u0119bicki, prof. UEK podpisa\u0142 umow\u0119 o wsp\u00f3\u0142pracy naszej Uczelni z Izb\u0105 Architekt\u00f3w Rzeczypospolitej Polskiej i Ma\u0142opolsk\u0105 Okr\u0119gow\u0105 Izb\u0105 Architekt\u00f3w RP (MPOIA RP). W spotkaniu uczestniczy\u0142 Dziekan Kolegium GAP.\u00a0<\/p><p>\u00a0<\/p><p>https:\/\/uek.krakow.pl\/artykuly\/aktualnosci\/podpisanie-umowy-o-wspolpracy-z-izba-architektow-rzeczypospolitej-polskiej-i-malopolska-okregowa-izba-architektow-rp<\/p>\t\t\t\t\t\t<\/div>\n\t\t\t\t<\/div>\n\t\t\t\t\t<\/div>\n\t\t<\/div>\n\t\t\t\t\t<\/div>\n\t\t<\/section>\n\t\t\t\t<section data-particle_enable=\"false\" data-particle-mobile-disabled=\"false\" class=\"elementor-section elementor-top-section elementor-element elementor-element-32b8e5a elementor-section-boxed elementor-section-height-default elementor-section-height-default\" data-id=\"32b8e5a\" data-element_type=\"section\" data-settings=\"{&quot;jet_parallax_layout_list&quot;:[]}\">\n\t\t\t\t\t\t<div class=\"elementor-container elementor-column-gap-default\">\n\t\t\t\t\t<div class=\"elementor-column elementor-col-100 elementor-top-column elementor-element elementor-element-254f8d5\" data-id=\"254f8d5\" data-element_type=\"column\">\n\t\t\t<div class=\"elementor-widget-wrap\">\n\t\t\t\t\t\t\t<\/div>\n\t\t<\/div>\n\t\t\t\t\t<\/div>\n\t\t<\/section>\n\t\t\t\t<\/div>\n\t\t","protected":false},"excerpt":{"rendered":"<p>7 maja 2025 r. w Sali Profesorskiej UEK odby\u0142o si\u0119 spotkanie, podczas kt\u00f3rego JM Rektor dr hab. Bernard Zi\u0119bicki, prof. UEK podpisa\u0142 umow\u0119 o wsp\u00f3\u0142pracy naszej Uczelni z Izb\u0105 Architekt\u00f3w Rzeczypospolitej Polskiej i Ma\u0142opolsk\u0105 Okr\u0119gow\u0105 Izb\u0105 Architekt\u00f3w RP (MPOIA RP). W spotkaniu uczestniczy\u0142 Dziekan Kolegium GAP.\u00a0 \u00a0 https:\/\/uek.krakow.pl\/artykuly\/aktualnosci\/podpisanie-umowy-o-wspolpracy-z-izba-architektow-rzeczypospolitej-polskiej-i-malopolska-okregowa-izba-architektow-rp<\/p>\n","protected":false},"author":5,"featured_media":2656,"comment_status":"closed","ping_status":"closed","sticky":false,"template":"","format":"standard","meta":{"footnotes":""},"categories":[113],"tags":[],"class_list":["post-2655","post","type-post","status-publish","format-standard","has-post-thumbnail","hentry","category-aktualnosci"],"_links":{"self":[{"href":"https:\/\/igpsm.uek.krakow.pl\/kgp\/wp-json\/wp\/v2\/posts\/2655"}],"collection":[{"href":"https:\/\/igpsm.uek.krakow.pl\/kgp\/wp-json\/wp\/v2\/posts"}],"about":[{"href":"https:\/\/igpsm.uek.krakow.pl\/kgp\/wp-json\/wp\/v2\/types\/post"}],"author":[{"embeddable":true,"href":"https:\/\/igpsm.uek.krakow.pl\/kgp\/wp-json\/wp\/v2\/users\/5"}],"replies":[{"embeddable":true,"href":"https:\/\/igpsm.uek.krakow.pl\/kgp\/wp-json\/wp\/v2\/comments?post=2655"}],"version-history":[{"count":4,"href":"https:\/\/igpsm.uek.krakow.pl\/kgp\/wp-json\/wp\/v2\/posts\/2655\/revisions"}],"predecessor-version":[{"id":2661,"href":"https:\/\/igpsm.uek.krakow.pl\/kgp\/wp-json\/wp\/v2\/posts\/2655\/revisions\/2661"}],"wp:featuredmedia":[{"embeddable":true,"href":"https:\/\/igpsm.uek.krakow.pl\/kgp\/wp-json\/wp\/v2\/media\/2656"}],"wp:attachment":[{"href":"https:\/\/igpsm.uek.krakow.pl\/kgp\/wp-json\/wp\/v2\/media?parent=2655"}],"wp:term":[{"taxonomy":"category","embeddable":true,"href":"https:\/\/igpsm.uek.krakow.pl\/kgp\/wp-json\/wp\/v2\/categories?post=2655"},{"taxonomy":"post_tag","embeddable":true,"href":"https:\/\/igpsm.uek.krakow.pl\/kgp\/wp-json\/wp\/v2\/tags?post=2655"}],"curies":[{"name":"wp","href":"https:\/\/api.w.org\/{rel}","templated":true}]}}