{"id":2663,"date":"2025-07-14T18:03:00","date_gmt":"2025-07-14T16:03:00","guid":{"rendered":"https:\/\/igpsm.uek.krakow.pl\/kgp\/?p=2663"},"modified":"2025-11-03T18:15:43","modified_gmt":"2025-11-03T17:15:43","slug":"aesop-congress-instanbul","status":"publish","type":"post","link":"https:\/\/igpsm.uek.krakow.pl\/kgp\/2025\/07\/14\/aesop-congress-instanbul\/","title":{"rendered":"AESOP CONGRESS INSTANBUL"},"content":{"rendered":"\t\t<div data-elementor-type=\"wp-post\" data-elementor-id=\"2663\" class=\"elementor elementor-2663\">\n\t\t\t\t\t\t<section data-particle_enable=\"false\" data-particle-mobile-disabled=\"false\" class=\"elementor-section elementor-top-section elementor-element elementor-element-637dcb5 elementor-section-boxed elementor-section-height-default elementor-section-height-default\" data-id=\"637dcb5\" data-element_type=\"section\" data-settings=\"{&quot;jet_parallax_layout_list&quot;:[]}\">\n\t\t\t\t\t\t<div class=\"elementor-container elementor-column-gap-default\">\n\t\t\t\t\t<div class=\"elementor-column elementor-col-100 elementor-top-column elementor-element elementor-element-de40617\" data-id=\"de40617\" data-element_type=\"column\">\n\t\t\t<div class=\"elementor-widget-wrap elementor-element-populated\">\n\t\t\t\t\t\t<div class=\"elementor-element elementor-element-a440690 elementor-widget elementor-widget-text-editor\" data-id=\"a440690\" data-element_type=\"widget\" data-widget_type=\"text-editor.default\">\n\t\t\t\t<div class=\"elementor-widget-container\">\n\t\t\t\t\t\t\t<p class=\"my-2 [&amp;+p]:mt-4 [&amp;_strong:has(+br)]:inline-block [&amp;_strong:has(+br)]:pb-2\">Planning as a transformative action in an age of planetary crisis 7-11.07.2025<\/p><p class=\"my-2 [&amp;+p]:mt-4 [&amp;_strong:has(+br)]:inline-block [&amp;_strong:has(+br)]:pb-2\">W dniach 7-11.07.2025 dr <span class=\"group\/language-learning cursor-pointer\"><span class=\"group-hover\/language-learning:border-foreground border-subtle cursor-pointer hyphens-auto break-words border-b-2 border-dotted outline-none transition-colors duration-200 ease-out font-sans text-base font-medium text-foreground selection:bg-super\/50 selection:text-foreground dark:selection:bg-super\/10 dark:selection:text-super\">Dorota Jopek <\/span><\/span>uczestniczy\u0142a w corocznym kongresie AESOP 2025, kt\u00f3ry odby\u0142 si\u0119 w Stambule pod has\u0142em \u201ePlanning as a transformative action in an age of planetary crisis\u201d. Reprezentowa\u0142a kierunek gospodarki przestrzennej UEK, kt\u00f3ry niedawno otrzyma\u0142 akredytacj\u0119 AESOP, podkre\u015blaj\u0105c tym samym znaczenie i jako\u015b\u0107 kszta\u0142cenia w tym obszarze.<\/p><p class=\"my-2 [&amp;+p]:mt-4 [&amp;_strong:has(+br)]:inline-block [&amp;_strong:has(+br)]:pb-2\">Kongres zgromadzi\u0142 wybitnych ekspert\u00f3w, a tematyka koncentrowa\u0142a si\u0119 na innowacyjnych rozwi\u0105zaniach w planowaniu przestrzennym w dobie wsp\u00f3\u0142czesnych wyzwa\u0144. W\u015br\u00f3d prelegent\u00f3w znale\u017ali si\u0119 m.in. Maria Kaika, Prof. Dr. H. Tar\u0131k \u015eeng\u00fcl oraz Yuri Kazepov, a sesje zamykaj\u0105ce poprowadzili Simin Davoudi, Erik Swyngedouw i Willem Salet. Program konferencji obj\u0105\u0142 szeroki zakres temat\u00f3w dotycz\u0105cych strategii planowania, projektowania urbanistycznego oraz bada\u0144 w kontek\u015bcie transformacji mobilno\u015bci miejskiej, podkre\u015blaj\u0105c znaczenie zr\u00f3wnowa\u017conych i innowacyjnych rozwi\u0105za\u0144. Udzia\u0142 dr Jopek podkre\u015bla jej aktywn\u0105 rol\u0119 w mi\u0119dzynarodowych badaniach oraz zaanga\u017cowanie w rozw\u00f3j polityk i praktyk na rzecz zr\u00f3wnowa\u017conej mobilno\u015bci i planowania przestrzennego w Europie.<\/p>\t\t\t\t\t\t<\/div>\n\t\t\t\t<\/div>\n\t\t\t\t\t<\/div>\n\t\t<\/div>\n\t\t\t\t\t<\/div>\n\t\t<\/section>\n\t\t\t\t<\/div>\n\t\t","protected":false},"excerpt":{"rendered":"<p>Planning as a transformative action in an age of planetary crisis 7-11.07.2025 W dniach 7-11.07.2025 dr Dorota Jopek uczestniczy\u0142a w corocznym kongresie AESOP 2025, kt\u00f3ry odby\u0142 si\u0119 w Stambule pod has\u0142em \u201ePlanning as a transformative action in an age of planetary crisis\u201d. Reprezentowa\u0142a kierunek gospodarki przestrzennej UEK, kt\u00f3ry niedawno otrzyma\u0142 akredytacj\u0119 AESOP, podkre\u015blaj\u0105c tym samym znaczenie i jako\u015b\u0107 kszta\u0142cenia w tym obszarze. Kongres zgromadzi\u0142 wybitnych ekspert\u00f3w, a tematyka koncentrowa\u0142a si\u0119 na innowacyjnych rozwi\u0105zaniach w planowaniu przestrzennym w dobie wsp\u00f3\u0142czesnych wyzwa\u0144. W\u015br\u00f3d prelegent\u00f3w znale\u017ali si\u0119 m.in. Maria Kaika, Prof. Dr. H. Tar\u0131k \u015eeng\u00fcl oraz Yuri Kazepov, a sesje zamykaj\u0105ce poprowadzili Simin Davoudi, Erik Swyngedouw i Willem Salet. Program konferencji obj\u0105\u0142 szeroki zakres temat\u00f3w dotycz\u0105cych strategii planowania, projektowania urbanistycznego oraz bada\u0144 w kontek\u015bcie transformacji mobilno\u015bci miejskiej, podkre\u015blaj\u0105c znaczenie zr\u00f3wnowa\u017conych i innowacyjnych rozwi\u0105za\u0144. Udzia\u0142 dr Jopek podkre\u015bla jej aktywn\u0105 rol\u0119 w mi\u0119dzynarodowych badaniach oraz zaanga\u017cowanie w rozw\u00f3j polityk i praktyk na rzecz zr\u00f3wnowa\u017conej mobilno\u015bci i planowania przestrzennego w Europie.<\/p>\n","protected":false},"author":5,"featured_media":2664,"comment_status":"closed","ping_status":"closed","sticky":false,"template":"","format":"standard","meta":{"footnotes":""},"categories":[113],"tags":[],"class_list":["post-2663","post","type-post","status-publish","format-standard","has-post-thumbnail","hentry","category-aktualnosci"],"_links":{"self":[{"href":"https:\/\/igpsm.uek.krakow.pl\/kgp\/wp-json\/wp\/v2\/posts\/2663"}],"collection":[{"href":"https:\/\/igpsm.uek.krakow.pl\/kgp\/wp-json\/wp\/v2\/posts"}],"about":[{"href":"https:\/\/igpsm.uek.krakow.pl\/kgp\/wp-json\/wp\/v2\/types\/post"}],"author":[{"embeddable":true,"href":"https:\/\/igpsm.uek.krakow.pl\/kgp\/wp-json\/wp\/v2\/users\/5"}],"replies":[{"embeddable":true,"href":"https:\/\/igpsm.uek.krakow.pl\/kgp\/wp-json\/wp\/v2\/comments?post=2663"}],"version-history":[{"count":7,"href":"https:\/\/igpsm.uek.krakow.pl\/kgp\/wp-json\/wp\/v2\/posts\/2663\/revisions"}],"predecessor-version":[{"id":2672,"href":"https:\/\/igpsm.uek.krakow.pl\/kgp\/wp-json\/wp\/v2\/posts\/2663\/revisions\/2672"}],"wp:featuredmedia":[{"embeddable":true,"href":"https:\/\/igpsm.uek.krakow.pl\/kgp\/wp-json\/wp\/v2\/media\/2664"}],"wp:attachment":[{"href":"https:\/\/igpsm.uek.krakow.pl\/kgp\/wp-json\/wp\/v2\/media?parent=2663"}],"wp:term":[{"taxonomy":"category","embeddable":true,"href":"https:\/\/igpsm.uek.krakow.pl\/kgp\/wp-json\/wp\/v2\/categories?post=2663"},{"taxonomy":"post_tag","embeddable":true,"href":"https:\/\/igpsm.uek.krakow.pl\/kgp\/wp-json\/wp\/v2\/tags?post=2663"}],"curies":[{"name":"wp","href":"https:\/\/api.w.org\/{rel}","templated":true}]}}