{"id":2674,"date":"2025-10-15T18:19:28","date_gmt":"2025-10-15T16:19:28","guid":{"rendered":"https:\/\/igpsm.uek.krakow.pl\/kgp\/?p=2674"},"modified":"2025-11-03T18:24:28","modified_gmt":"2025-11-03T17:24:28","slug":"ogloszenie-wynikow-konkursu-tup-na-najlepsze-pracy-dyplomowe-na-biennale-architektury","status":"publish","type":"post","link":"https:\/\/igpsm.uek.krakow.pl\/kgp\/2025\/10\/15\/ogloszenie-wynikow-konkursu-tup-na-najlepsze-pracy-dyplomowe-na-biennale-architektury\/","title":{"rendered":"Og\u0142oszenie wynik\u00f3w konkursu TUP na najlepsze pracy dyplomowe na Biennale Architektury"},"content":{"rendered":"\t\t<div data-elementor-type=\"wp-post\" data-elementor-id=\"2674\" class=\"elementor elementor-2674\">\n\t\t\t\t\t\t<section data-particle_enable=\"false\" data-particle-mobile-disabled=\"false\" class=\"elementor-section elementor-top-section elementor-element elementor-element-a5ba4a2 elementor-section-boxed elementor-section-height-default elementor-section-height-default\" data-id=\"a5ba4a2\" data-element_type=\"section\" data-settings=\"{&quot;jet_parallax_layout_list&quot;:[]}\">\n\t\t\t\t\t\t<div class=\"elementor-container elementor-column-gap-default\">\n\t\t\t\t\t<div class=\"elementor-column elementor-col-100 elementor-top-column elementor-element elementor-element-ce68135\" data-id=\"ce68135\" data-element_type=\"column\">\n\t\t\t<div class=\"elementor-widget-wrap elementor-element-populated\">\n\t\t\t\t\t\t<div class=\"elementor-element elementor-element-db7d4d0 elementor-widget elementor-widget-text-editor\" data-id=\"db7d4d0\" data-element_type=\"widget\" data-widget_type=\"text-editor.default\">\n\t\t\t\t<div class=\"elementor-widget-container\">\n\t\t\t\t\t\t\t<p class=\"my-2 [&amp;+p]:mt-4 [&amp;_strong:has(+br)]:inline-block [&amp;_strong:has(+br)]:pb-2\">Na Mi\u0119dzynarodowym Biennale Architektury w Krakowie odby\u0142 si\u0119 panel Towarzystwa Urbanist\u00f3w Polskich pt. \u201ePlanowanie Przysz\u0142o\u015bci Krakowa \u2013 od strategicznej my\u015bli do realizacji w przestrzeni\u201d. Ponadto wr\u0119czano nagrody za najlepsze prace dyplomowe 2024, w tym z zakresu gospodarki przestrzennej. Uroczysto\u015b\u0107 wr\u0119czenia nagr\u00f3d prowadzili prezesi wraz ze sponsorami, a opraw\u0119 wydarzenia przygotowa\u0142y i prowadzi\u0142y dr Dorota Jopek oraz dr Laura Kochel.<\/p><p class=\"my-2 [&amp;+p]:mt-4 [&amp;_strong:has(+br)]:inline-block [&amp;_strong:has(+br)]:pb-2\">Panel i ceremonia nagr\u00f3d sta\u0142y si\u0119 wa\u017cnym momentem interdyscyplinarnej wymiany my\u015bli o przysz\u0142o\u015bci Krakowa, z udzia\u0142em wybitnych urbanist\u00f3w, architekt\u00f3w, przedstawicieli samorz\u0105d\u00f3w oraz \u015brodowisk akademickich. Wsp\u00f3lnie dyskutowano o tym, jak efektywnie przek\u0142ada\u0107 strategie rozwoju na konkretne dzia\u0142ania w miejskiej przestrzeni.<\/p>\t\t\t\t\t\t<\/div>\n\t\t\t\t<\/div>\n\t\t\t\t\t<\/div>\n\t\t<\/div>\n\t\t\t\t\t<\/div>\n\t\t<\/section>\n\t\t\t\t<\/div>\n\t\t","protected":false},"excerpt":{"rendered":"<p>Na Mi\u0119dzynarodowym Biennale Architektury w Krakowie odby\u0142 si\u0119 panel Towarzystwa Urbanist\u00f3w Polskich pt. \u201ePlanowanie Przysz\u0142o\u015bci Krakowa \u2013 od strategicznej my\u015bli do realizacji w przestrzeni\u201d. Ponadto wr\u0119czano nagrody za najlepsze prace dyplomowe 2024, w tym z zakresu gospodarki przestrzennej. Uroczysto\u015b\u0107 wr\u0119czenia nagr\u00f3d prowadzili prezesi wraz ze sponsorami, a opraw\u0119 wydarzenia przygotowa\u0142y i prowadzi\u0142y dr Dorota Jopek oraz dr Laura Kochel. Panel i ceremonia nagr\u00f3d sta\u0142y si\u0119 wa\u017cnym momentem interdyscyplinarnej wymiany my\u015bli o przysz\u0142o\u015bci Krakowa, z udzia\u0142em wybitnych urbanist\u00f3w, architekt\u00f3w, przedstawicieli samorz\u0105d\u00f3w oraz \u015brodowisk akademickich. Wsp\u00f3lnie dyskutowano o tym, jak efektywnie przek\u0142ada\u0107 strategie rozwoju na konkretne dzia\u0142ania w miejskiej przestrzeni.<\/p>\n","protected":false},"author":5,"featured_media":2680,"comment_status":"closed","ping_status":"closed","sticky":false,"template":"","format":"standard","meta":{"footnotes":""},"categories":[113],"tags":[],"class_list":["post-2674","post","type-post","status-publish","format-standard","has-post-thumbnail","hentry","category-aktualnosci"],"_links":{"self":[{"href":"https:\/\/igpsm.uek.krakow.pl\/kgp\/wp-json\/wp\/v2\/posts\/2674"}],"collection":[{"href":"https:\/\/igpsm.uek.krakow.pl\/kgp\/wp-json\/wp\/v2\/posts"}],"about":[{"href":"https:\/\/igpsm.uek.krakow.pl\/kgp\/wp-json\/wp\/v2\/types\/post"}],"author":[{"embeddable":true,"href":"https:\/\/igpsm.uek.krakow.pl\/kgp\/wp-json\/wp\/v2\/users\/5"}],"replies":[{"embeddable":true,"href":"https:\/\/igpsm.uek.krakow.pl\/kgp\/wp-json\/wp\/v2\/comments?post=2674"}],"version-history":[{"count":4,"href":"https:\/\/igpsm.uek.krakow.pl\/kgp\/wp-json\/wp\/v2\/posts\/2674\/revisions"}],"predecessor-version":[{"id":2679,"href":"https:\/\/igpsm.uek.krakow.pl\/kgp\/wp-json\/wp\/v2\/posts\/2674\/revisions\/2679"}],"wp:featuredmedia":[{"embeddable":true,"href":"https:\/\/igpsm.uek.krakow.pl\/kgp\/wp-json\/wp\/v2\/media\/2680"}],"wp:attachment":[{"href":"https:\/\/igpsm.uek.krakow.pl\/kgp\/wp-json\/wp\/v2\/media?parent=2674"}],"wp:term":[{"taxonomy":"category","embeddable":true,"href":"https:\/\/igpsm.uek.krakow.pl\/kgp\/wp-json\/wp\/v2\/categories?post=2674"},{"taxonomy":"post_tag","embeddable":true,"href":"https:\/\/igpsm.uek.krakow.pl\/kgp\/wp-json\/wp\/v2\/tags?post=2674"}],"curies":[{"name":"wp","href":"https:\/\/api.w.org\/{rel}","templated":true}]}}