{"id":2688,"date":"2025-11-03T16:16:00","date_gmt":"2025-11-03T15:16:00","guid":{"rendered":"https:\/\/igpsm.uek.krakow.pl\/kgp\/?p=2688"},"modified":"2026-01-07T17:17:49","modified_gmt":"2026-01-07T16:17:49","slug":"gospodarka-przestrzenna-%cc%b6-inzynieria-przyszlosci","status":"publish","type":"post","link":"https:\/\/igpsm.uek.krakow.pl\/kgp\/2025\/11\/03\/gospodarka-przestrzenna-%cc%b6-inzynieria-przyszlosci\/","title":{"rendered":"Gospodarka przestrzenna \u0336 in\u017cynieria przysz\u0142o\u015bci"},"content":{"rendered":"\t\t<div data-elementor-type=\"wp-post\" data-elementor-id=\"2688\" class=\"elementor elementor-2688\">\n\t\t\t\t\t\t<section data-particle_enable=\"false\" data-particle-mobile-disabled=\"false\" class=\"elementor-section elementor-top-section elementor-element elementor-element-dc1e50b elementor-section-boxed elementor-section-height-default elementor-section-height-default\" data-id=\"dc1e50b\" data-element_type=\"section\" data-settings=\"{&quot;jet_parallax_layout_list&quot;:[]}\">\n\t\t\t\t\t\t<div class=\"elementor-container elementor-column-gap-default\">\n\t\t\t\t\t<div class=\"elementor-column elementor-col-100 elementor-top-column elementor-element elementor-element-ea8ae9c\" data-id=\"ea8ae9c\" data-element_type=\"column\">\n\t\t\t<div class=\"elementor-widget-wrap elementor-element-populated\">\n\t\t\t\t\t\t<div class=\"elementor-element elementor-element-1f5c81d elementor-widget elementor-widget-text-editor\" data-id=\"1f5c81d\" data-element_type=\"widget\" data-widget_type=\"text-editor.default\">\n\t\t\t\t<div class=\"elementor-widget-container\">\n\t\t\t\t\t\t\t<p>W ramach zaj\u0119\u0107 terenowych z przedmiotu Ekologistyka sieci osadniczych studenci IV roku kierunku Gospodarka przestrzenna o profilu in\u017cynierskim mieli mo\u017cliwo\u015b\u0107 w dniach 21.10.2025r oraz 28.10.2025r uczestniczy\u0107 w zaj\u0119ciach terenowych w Ekologicznej Spalarni Odpad\u00f3w w Krakowie. Pod opiek\u0105 dr in\u017c. Agnieszki Petryk studenci przeszli ca\u0142\u0105 \u015bcie\u017ck\u0119 edukacyjn\u0105, przedstawiaj\u0105c\u0105 poszczeg\u00f3lne etapy termicznego przekszta\u0142cania odpad\u00f3w. Krakowska ekospalarnia rozpocz\u0119\u0142a swoj\u0105 dzia\u0142alno\u015b\u0107 w grudniu 2015 r. Zaj\u0119cia terenowe, przygotowuj\u0105ce student\u00f3w do praktyk in\u017cynierskich, stanowi\u0105 znakomit\u0105 okazj\u0119 do rozpoznania przedsi\u0119biorstw b\u0119d\u0105cych potencjalnym miejscem pracy absolwent\u00f3w kierunku Gospodarka przestrzenna. Studenci mog\u0105 bezpo\u015brednio rozpozna\u0107 warunki pracy, zakres obowi\u0105zk\u00f3w, wymagane umiej\u0119tno\u015bci i kryteria zatrudnienia na danym stanowisku stawiane kandydatom. Zostaj\u0105 wyposa\u017ceni w unikaln\u0105 wiedz\u0119 dotycz\u0105c\u0105 nowoczesnego procesu technologicznego i organizacji pracy zak\u0142ad\u00f3w specjalizuj\u0105cych si\u0119 w r\u00f3\u017cnych ga\u0142\u0119ziach przemys\u0142u. Realizowane w toku kszta\u0142cenia zaj\u0119cia terenowe, s\u0105 jednym z instrument\u00f3w osi\u0105gania za\u0142o\u017conych efekt\u00f3w kszta\u0142cenia w zakresie wiedzy, umiej\u0119tno\u015bci i kompetencji spo\u0142ecznych przysz\u0142ych in\u017cynier\u00f3w gospodarki przestrzennej, specjalizuj\u0105cych si\u0119 w strategii rozwoju regionalnego i zarz\u0105dzaniu miastem.<\/p><p>A. Petryk<\/p>\t\t\t\t\t\t<\/div>\n\t\t\t\t<\/div>\n\t\t\t\t\t<\/div>\n\t\t<\/div>\n\t\t\t\t\t<\/div>\n\t\t<\/section>\n\t\t\t\t<section data-particle_enable=\"false\" data-particle-mobile-disabled=\"false\" class=\"elementor-section elementor-top-section elementor-element elementor-element-48caff2 elementor-section-boxed elementor-section-height-default elementor-section-height-default\" data-id=\"48caff2\" data-element_type=\"section\" data-settings=\"{&quot;jet_parallax_layout_list&quot;:[]}\">\n\t\t\t\t\t\t<div class=\"elementor-container elementor-column-gap-default\">\n\t\t\t\t\t<div class=\"elementor-column elementor-col-33 elementor-top-column elementor-element elementor-element-5370e82\" data-id=\"5370e82\" data-element_type=\"column\">\n\t\t\t<div class=\"elementor-widget-wrap elementor-element-populated\">\n\t\t\t\t\t\t<div class=\"elementor-element elementor-element-2565b67 elementor-widget elementor-widget-image\" data-id=\"2565b67\" data-element_type=\"widget\" data-widget_type=\"image.default\">\n\t\t\t\t<div class=\"elementor-widget-container\">\n\t\t\t\t\t\t\t\t\t\t\t\t\t<img fetchpriority=\"high\" decoding=\"async\" width=\"960\" height=\"720\" src=\"https:\/\/igpsm.uek.krakow.pl\/kgp\/wp-content\/uploads\/sites\/3\/2026\/01\/fot.-Kornelia-Sikora-1-1024x768.jpg\" class=\"attachment-large size-large wp-image-2718\" alt=\"\" srcset=\"https:\/\/igpsm.uek.krakow.pl\/kgp\/wp-content\/uploads\/sites\/3\/2026\/01\/fot.-Kornelia-Sikora-1-1024x768.jpg 1024w, https:\/\/igpsm.uek.krakow.pl\/kgp\/wp-content\/uploads\/sites\/3\/2026\/01\/fot.-Kornelia-Sikora-1-300x225.jpg 300w, https:\/\/igpsm.uek.krakow.pl\/kgp\/wp-content\/uploads\/sites\/3\/2026\/01\/fot.-Kornelia-Sikora-1-768x576.jpg 768w, https:\/\/igpsm.uek.krakow.pl\/kgp\/wp-content\/uploads\/sites\/3\/2026\/01\/fot.-Kornelia-Sikora-1-1536x1152.jpg 1536w, https:\/\/igpsm.uek.krakow.pl\/kgp\/wp-content\/uploads\/sites\/3\/2026\/01\/fot.-Kornelia-Sikora-1-1140x855.jpg 1140w, https:\/\/igpsm.uek.krakow.pl\/kgp\/wp-content\/uploads\/sites\/3\/2026\/01\/fot.-Kornelia-Sikora-1.jpg 2048w\" sizes=\"(max-width: 960px) 100vw, 960px\" \/>\t\t\t\t\t\t\t\t\t\t\t\t\t<\/div>\n\t\t\t\t<\/div>\n\t\t\t\t\t<\/div>\n\t\t<\/div>\n\t\t\t\t<div class=\"elementor-column elementor-col-33 elementor-top-column elementor-element elementor-element-5e2fdbf\" data-id=\"5e2fdbf\" data-element_type=\"column\">\n\t\t\t<div class=\"elementor-widget-wrap elementor-element-populated\">\n\t\t\t\t\t\t<div class=\"elementor-element elementor-element-e2e6baf elementor-widget elementor-widget-image\" data-id=\"e2e6baf\" data-element_type=\"widget\" data-widget_type=\"image.default\">\n\t\t\t\t<div class=\"elementor-widget-container\">\n\t\t\t\t\t\t\t\t\t\t\t\t\t<img decoding=\"async\" width=\"960\" height=\"720\" src=\"https:\/\/igpsm.uek.krakow.pl\/kgp\/wp-content\/uploads\/sites\/3\/2026\/01\/fot.-Zofia-Stryszowksa-1024x768.jpeg\" class=\"attachment-large size-large wp-image-2695\" alt=\"\" srcset=\"https:\/\/igpsm.uek.krakow.pl\/kgp\/wp-content\/uploads\/sites\/3\/2026\/01\/fot.-Zofia-Stryszowksa-1024x768.jpeg 1024w, https:\/\/igpsm.uek.krakow.pl\/kgp\/wp-content\/uploads\/sites\/3\/2026\/01\/fot.-Zofia-Stryszowksa-300x225.jpeg 300w, https:\/\/igpsm.uek.krakow.pl\/kgp\/wp-content\/uploads\/sites\/3\/2026\/01\/fot.-Zofia-Stryszowksa-768x576.jpeg 768w, https:\/\/igpsm.uek.krakow.pl\/kgp\/wp-content\/uploads\/sites\/3\/2026\/01\/fot.-Zofia-Stryszowksa-1536x1152.jpeg 1536w, https:\/\/igpsm.uek.krakow.pl\/kgp\/wp-content\/uploads\/sites\/3\/2026\/01\/fot.-Zofia-Stryszowksa-2048x1536.jpeg 2048w, https:\/\/igpsm.uek.krakow.pl\/kgp\/wp-content\/uploads\/sites\/3\/2026\/01\/fot.-Zofia-Stryszowksa-1140x855.jpeg 1140w\" sizes=\"(max-width: 960px) 100vw, 960px\" \/>\t\t\t\t\t\t\t\t\t\t\t\t\t<\/div>\n\t\t\t\t<\/div>\n\t\t\t\t\t<\/div>\n\t\t<\/div>\n\t\t\t\t<div class=\"elementor-column elementor-col-33 elementor-top-column elementor-element elementor-element-0590459\" data-id=\"0590459\" data-element_type=\"column\">\n\t\t\t<div class=\"elementor-widget-wrap elementor-element-populated\">\n\t\t\t\t\t\t<div class=\"elementor-element elementor-element-a0134bd elementor-widget elementor-widget-image\" data-id=\"a0134bd\" data-element_type=\"widget\" data-widget_type=\"image.default\">\n\t\t\t\t<div class=\"elementor-widget-container\">\n\t\t\t\t\t\t\t\t\t\t\t\t\t<img decoding=\"async\" width=\"960\" height=\"720\" src=\"https:\/\/igpsm.uek.krakow.pl\/kgp\/wp-content\/uploads\/sites\/3\/2026\/01\/fot.-Kornelia-Sikora-2-1024x768.jpg\" class=\"attachment-large size-large wp-image-2712\" alt=\"\" srcset=\"https:\/\/igpsm.uek.krakow.pl\/kgp\/wp-content\/uploads\/sites\/3\/2026\/01\/fot.-Kornelia-Sikora-2-1024x768.jpg 1024w, https:\/\/igpsm.uek.krakow.pl\/kgp\/wp-content\/uploads\/sites\/3\/2026\/01\/fot.-Kornelia-Sikora-2-300x225.jpg 300w, https:\/\/igpsm.uek.krakow.pl\/kgp\/wp-content\/uploads\/sites\/3\/2026\/01\/fot.-Kornelia-Sikora-2-768x576.jpg 768w, https:\/\/igpsm.uek.krakow.pl\/kgp\/wp-content\/uploads\/sites\/3\/2026\/01\/fot.-Kornelia-Sikora-2-1536x1152.jpg 1536w, https:\/\/igpsm.uek.krakow.pl\/kgp\/wp-content\/uploads\/sites\/3\/2026\/01\/fot.-Kornelia-Sikora-2-1140x855.jpg 1140w, https:\/\/igpsm.uek.krakow.pl\/kgp\/wp-content\/uploads\/sites\/3\/2026\/01\/fot.-Kornelia-Sikora-2.jpg 2048w\" sizes=\"(max-width: 960px) 100vw, 960px\" \/>\t\t\t\t\t\t\t\t\t\t\t\t\t<\/div>\n\t\t\t\t<\/div>\n\t\t\t\t\t<\/div>\n\t\t<\/div>\n\t\t\t\t\t<\/div>\n\t\t<\/section>\n\t\t\t\t<section data-particle_enable=\"false\" data-particle-mobile-disabled=\"false\" class=\"elementor-section elementor-top-section elementor-element elementor-element-bcbf083 elementor-section-boxed elementor-section-height-default elementor-section-height-default\" data-id=\"bcbf083\" data-element_type=\"section\" data-settings=\"{&quot;jet_parallax_layout_list&quot;:[]}\">\n\t\t\t\t\t\t<div class=\"elementor-container elementor-column-gap-default\">\n\t\t\t\t\t<div class=\"elementor-column elementor-col-33 elementor-top-column elementor-element elementor-element-4f4415e\" data-id=\"4f4415e\" data-element_type=\"column\">\n\t\t\t<div class=\"elementor-widget-wrap elementor-element-populated\">\n\t\t\t\t\t\t<div class=\"elementor-element elementor-element-7d9d8e7 elementor-widget elementor-widget-image\" data-id=\"7d9d8e7\" data-element_type=\"widget\" data-widget_type=\"image.default\">\n\t\t\t\t<div class=\"elementor-widget-container\">\n\t\t\t\t\t\t\t\t\t\t\t\t\t<img loading=\"lazy\" decoding=\"async\" width=\"768\" height=\"1024\" src=\"https:\/\/igpsm.uek.krakow.pl\/kgp\/wp-content\/uploads\/sites\/3\/2026\/01\/fot.-Weronia-Klek-768x1024.jpg\" class=\"attachment-large size-large wp-image-2716\" alt=\"\" srcset=\"https:\/\/igpsm.uek.krakow.pl\/kgp\/wp-content\/uploads\/sites\/3\/2026\/01\/fot.-Weronia-Klek-768x1024.jpg 768w, https:\/\/igpsm.uek.krakow.pl\/kgp\/wp-content\/uploads\/sites\/3\/2026\/01\/fot.-Weronia-Klek-225x300.jpg 225w, https:\/\/igpsm.uek.krakow.pl\/kgp\/wp-content\/uploads\/sites\/3\/2026\/01\/fot.-Weronia-Klek-1152x1536.jpg 1152w, https:\/\/igpsm.uek.krakow.pl\/kgp\/wp-content\/uploads\/sites\/3\/2026\/01\/fot.-Weronia-Klek-1140x1520.jpg 1140w, https:\/\/igpsm.uek.krakow.pl\/kgp\/wp-content\/uploads\/sites\/3\/2026\/01\/fot.-Weronia-Klek.jpg 1536w\" sizes=\"(max-width: 768px) 100vw, 768px\" \/>\t\t\t\t\t\t\t\t\t\t\t\t\t<\/div>\n\t\t\t\t<\/div>\n\t\t\t\t\t<\/div>\n\t\t<\/div>\n\t\t\t\t<div class=\"elementor-column elementor-col-33 elementor-top-column elementor-element elementor-element-329a62f\" data-id=\"329a62f\" data-element_type=\"column\">\n\t\t\t<div class=\"elementor-widget-wrap elementor-element-populated\">\n\t\t\t\t\t\t<div class=\"elementor-element elementor-element-e174ca6 elementor-widget elementor-widget-image\" data-id=\"e174ca6\" data-element_type=\"widget\" data-widget_type=\"image.default\">\n\t\t\t\t<div class=\"elementor-widget-container\">\n\t\t\t\t\t\t\t\t\t\t\t\t\t<img loading=\"lazy\" decoding=\"async\" width=\"768\" height=\"1024\" src=\"https:\/\/igpsm.uek.krakow.pl\/kgp\/wp-content\/uploads\/sites\/3\/2026\/01\/fot.-Izabela-Staszowska-i-Dagmara-Pieronek-768x1024.jpg\" class=\"attachment-large size-large wp-image-2705\" alt=\"\" srcset=\"https:\/\/igpsm.uek.krakow.pl\/kgp\/wp-content\/uploads\/sites\/3\/2026\/01\/fot.-Izabela-Staszowska-i-Dagmara-Pieronek-768x1024.jpg 768w, https:\/\/igpsm.uek.krakow.pl\/kgp\/wp-content\/uploads\/sites\/3\/2026\/01\/fot.-Izabela-Staszowska-i-Dagmara-Pieronek-225x300.jpg 225w, https:\/\/igpsm.uek.krakow.pl\/kgp\/wp-content\/uploads\/sites\/3\/2026\/01\/fot.-Izabela-Staszowska-i-Dagmara-Pieronek-1152x1536.jpg 1152w, https:\/\/igpsm.uek.krakow.pl\/kgp\/wp-content\/uploads\/sites\/3\/2026\/01\/fot.-Izabela-Staszowska-i-Dagmara-Pieronek-1140x1520.jpg 1140w, https:\/\/igpsm.uek.krakow.pl\/kgp\/wp-content\/uploads\/sites\/3\/2026\/01\/fot.-Izabela-Staszowska-i-Dagmara-Pieronek.jpg 1536w\" sizes=\"(max-width: 768px) 100vw, 768px\" \/>\t\t\t\t\t\t\t\t\t\t\t\t\t<\/div>\n\t\t\t\t<\/div>\n\t\t\t\t\t<\/div>\n\t\t<\/div>\n\t\t\t\t<div class=\"elementor-column elementor-col-33 elementor-top-column elementor-element elementor-element-15fea40\" data-id=\"15fea40\" data-element_type=\"column\">\n\t\t\t<div class=\"elementor-widget-wrap elementor-element-populated\">\n\t\t\t\t\t\t<div class=\"elementor-element elementor-element-97ca525 elementor-widget elementor-widget-image\" data-id=\"97ca525\" data-element_type=\"widget\" data-widget_type=\"image.default\">\n\t\t\t\t<div class=\"elementor-widget-container\">\n\t\t\t\t\t\t\t\t\t\t\t\t\t<img loading=\"lazy\" decoding=\"async\" width=\"768\" height=\"1024\" src=\"https:\/\/igpsm.uek.krakow.pl\/kgp\/wp-content\/uploads\/sites\/3\/2026\/01\/fot.-Zofia-Stryszkowska-1-768x1024.jpeg\" class=\"attachment-large size-large wp-image-2697\" alt=\"\" srcset=\"https:\/\/igpsm.uek.krakow.pl\/kgp\/wp-content\/uploads\/sites\/3\/2026\/01\/fot.-Zofia-Stryszkowska-1-768x1024.jpeg 768w, https:\/\/igpsm.uek.krakow.pl\/kgp\/wp-content\/uploads\/sites\/3\/2026\/01\/fot.-Zofia-Stryszkowska-1-225x300.jpeg 225w, https:\/\/igpsm.uek.krakow.pl\/kgp\/wp-content\/uploads\/sites\/3\/2026\/01\/fot.-Zofia-Stryszkowska-1-1152x1536.jpeg 1152w, https:\/\/igpsm.uek.krakow.pl\/kgp\/wp-content\/uploads\/sites\/3\/2026\/01\/fot.-Zofia-Stryszkowska-1-1536x2048.jpeg 1536w, https:\/\/igpsm.uek.krakow.pl\/kgp\/wp-content\/uploads\/sites\/3\/2026\/01\/fot.-Zofia-Stryszkowska-1-1140x1520.jpeg 1140w, https:\/\/igpsm.uek.krakow.pl\/kgp\/wp-content\/uploads\/sites\/3\/2026\/01\/fot.-Zofia-Stryszkowska-1-scaled.jpeg 1920w\" sizes=\"(max-width: 768px) 100vw, 768px\" \/>\t\t\t\t\t\t\t\t\t\t\t\t\t<\/div>\n\t\t\t\t<\/div>\n\t\t\t\t\t<\/div>\n\t\t<\/div>\n\t\t\t\t\t<\/div>\n\t\t<\/section>\n\t\t\t\t<section data-particle_enable=\"false\" data-particle-mobile-disabled=\"false\" class=\"elementor-section elementor-top-section elementor-element elementor-element-acc0ac8 elementor-section-boxed elementor-section-height-default elementor-section-height-default\" data-id=\"acc0ac8\" data-element_type=\"section\" data-settings=\"{&quot;jet_parallax_layout_list&quot;:[]}\">\n\t\t\t\t\t\t<div class=\"elementor-container elementor-column-gap-default\">\n\t\t\t\t\t<div class=\"elementor-column elementor-col-100 elementor-top-column elementor-element elementor-element-73f5b71\" data-id=\"73f5b71\" data-element_type=\"column\">\n\t\t\t<div class=\"elementor-widget-wrap elementor-element-populated\">\n\t\t\t\t\t\t<div class=\"elementor-element elementor-element-a4b42fb elementor-widget elementor-widget-image\" data-id=\"a4b42fb\" data-element_type=\"widget\" data-widget_type=\"image.default\">\n\t\t\t\t<div class=\"elementor-widget-container\">\n\t\t\t\t\t\t\t\t\t\t\t\t\t<img loading=\"lazy\" decoding=\"async\" width=\"225\" height=\"300\" src=\"https:\/\/igpsm.uek.krakow.pl\/kgp\/wp-content\/uploads\/sites\/3\/2026\/01\/fot.-Izabela-Staszowska-i-Dagmara-Pieronek-2-225x300.jpg\" class=\"attachment-medium size-medium wp-image-2701\" alt=\"\" srcset=\"https:\/\/igpsm.uek.krakow.pl\/kgp\/wp-content\/uploads\/sites\/3\/2026\/01\/fot.-Izabela-Staszowska-i-Dagmara-Pieronek-2-225x300.jpg 225w, https:\/\/igpsm.uek.krakow.pl\/kgp\/wp-content\/uploads\/sites\/3\/2026\/01\/fot.-Izabela-Staszowska-i-Dagmara-Pieronek-2-768x1024.jpg 768w, https:\/\/igpsm.uek.krakow.pl\/kgp\/wp-content\/uploads\/sites\/3\/2026\/01\/fot.-Izabela-Staszowska-i-Dagmara-Pieronek-2-1152x1536.jpg 1152w, https:\/\/igpsm.uek.krakow.pl\/kgp\/wp-content\/uploads\/sites\/3\/2026\/01\/fot.-Izabela-Staszowska-i-Dagmara-Pieronek-2-1140x1520.jpg 1140w, https:\/\/igpsm.uek.krakow.pl\/kgp\/wp-content\/uploads\/sites\/3\/2026\/01\/fot.-Izabela-Staszowska-i-Dagmara-Pieronek-2.jpg 1536w\" sizes=\"(max-width: 225px) 100vw, 225px\" \/>\t\t\t\t\t\t\t\t\t\t\t\t\t<\/div>\n\t\t\t\t<\/div>\n\t\t\t\t\t<\/div>\n\t\t<\/div>\n\t\t\t\t\t<\/div>\n\t\t<\/section>\n\t\t\t\t<\/div>\n\t\t","protected":false},"excerpt":{"rendered":"<p>W ramach zaj\u0119\u0107 terenowych z przedmiotu Ekologistyka sieci osadniczych studenci IV roku kierunku Gospodarka przestrzenna o profilu in\u017cynierskim mieli mo\u017cliwo\u015b\u0107 w dniach 21.10.2025r oraz 28.10.2025r uczestniczy\u0107 w zaj\u0119ciach terenowych w Ekologicznej Spalarni Odpad\u00f3w w Krakowie. Pod opiek\u0105 dr in\u017c. Agnieszki Petryk studenci przeszli ca\u0142\u0105 \u015bcie\u017ck\u0119 edukacyjn\u0105, przedstawiaj\u0105c\u0105 poszczeg\u00f3lne etapy termicznego przekszta\u0142cania odpad\u00f3w. Krakowska ekospalarnia rozpocz\u0119\u0142a swoj\u0105 dzia\u0142alno\u015b\u0107 w grudniu 2015 r. Zaj\u0119cia terenowe, przygotowuj\u0105ce student\u00f3w do praktyk in\u017cynierskich, stanowi\u0105 znakomit\u0105 okazj\u0119 do rozpoznania przedsi\u0119biorstw b\u0119d\u0105cych potencjalnym miejscem pracy absolwent\u00f3w kierunku Gospodarka przestrzenna. Studenci mog\u0105 bezpo\u015brednio rozpozna\u0107 warunki pracy, zakres obowi\u0105zk\u00f3w, wymagane umiej\u0119tno\u015bci i kryteria zatrudnienia na danym stanowisku stawiane kandydatom. Zostaj\u0105 wyposa\u017ceni w unikaln\u0105 wiedz\u0119 dotycz\u0105c\u0105 nowoczesnego procesu technologicznego i organizacji pracy zak\u0142ad\u00f3w specjalizuj\u0105cych si\u0119 w r\u00f3\u017cnych ga\u0142\u0119ziach przemys\u0142u. Realizowane w toku kszta\u0142cenia zaj\u0119cia terenowe, s\u0105 jednym z instrument\u00f3w osi\u0105gania za\u0142o\u017conych efekt\u00f3w kszta\u0142cenia w zakresie wiedzy, umiej\u0119tno\u015bci i kompetencji spo\u0142ecznych przysz\u0142ych in\u017cynier\u00f3w gospodarki przestrzennej, specjalizuj\u0105cych si\u0119 w strategii rozwoju regionalnego i zarz\u0105dzaniu miastem. A. Petryk<\/p>\n","protected":false},"author":5,"featured_media":2701,"comment_status":"closed","ping_status":"closed","sticky":false,"template":"","format":"standard","meta":{"footnotes":""},"categories":[113],"tags":[],"class_list":["post-2688","post","type-post","status-publish","format-standard","has-post-thumbnail","hentry","category-aktualnosci"],"_links":{"self":[{"href":"https:\/\/igpsm.uek.krakow.pl\/kgp\/wp-json\/wp\/v2\/posts\/2688"}],"collection":[{"href":"https:\/\/igpsm.uek.krakow.pl\/kgp\/wp-json\/wp\/v2\/posts"}],"about":[{"href":"https:\/\/igpsm.uek.krakow.pl\/kgp\/wp-json\/wp\/v2\/types\/post"}],"author":[{"embeddable":true,"href":"https:\/\/igpsm.uek.krakow.pl\/kgp\/wp-json\/wp\/v2\/users\/5"}],"replies":[{"embeddable":true,"href":"https:\/\/igpsm.uek.krakow.pl\/kgp\/wp-json\/wp\/v2\/comments?post=2688"}],"version-history":[{"count":44,"href":"https:\/\/igpsm.uek.krakow.pl\/kgp\/wp-json\/wp\/v2\/posts\/2688\/revisions"}],"predecessor-version":[{"id":2744,"href":"https:\/\/igpsm.uek.krakow.pl\/kgp\/wp-json\/wp\/v2\/posts\/2688\/revisions\/2744"}],"wp:featuredmedia":[{"embeddable":true,"href":"https:\/\/igpsm.uek.krakow.pl\/kgp\/wp-json\/wp\/v2\/media\/2701"}],"wp:attachment":[{"href":"https:\/\/igpsm.uek.krakow.pl\/kgp\/wp-json\/wp\/v2\/media?parent=2688"}],"wp:term":[{"taxonomy":"category","embeddable":true,"href":"https:\/\/igpsm.uek.krakow.pl\/kgp\/wp-json\/wp\/v2\/categories?post=2688"},{"taxonomy":"post_tag","embeddable":true,"href":"https:\/\/igpsm.uek.krakow.pl\/kgp\/wp-json\/wp\/v2\/tags?post=2688"}],"curies":[{"name":"wp","href":"https:\/\/api.w.org\/{rel}","templated":true}]}}