{"id":2935,"date":"2026-03-05T15:30:06","date_gmt":"2026-03-05T14:30:06","guid":{"rendered":"https:\/\/igpsm.uek.krakow.pl\/kgp\/?p=2935"},"modified":"2026-03-05T15:35:47","modified_gmt":"2026-03-05T14:35:47","slug":"nowy","status":"publish","type":"post","link":"https:\/\/igpsm.uek.krakow.pl\/kgp\/2026\/03\/05\/nowy\/","title":{"rendered":"Nowy pracownik w Katedrze Gospodarki Przestrzennej"},"content":{"rendered":"\t\t<div data-elementor-type=\"wp-post\" data-elementor-id=\"2935\" class=\"elementor elementor-2935\">\n\t\t\t\t\t\t<section data-particle_enable=\"false\" data-particle-mobile-disabled=\"false\" class=\"elementor-section elementor-top-section elementor-element elementor-element-375fa84 elementor-section-boxed elementor-section-height-default elementor-section-height-default\" data-id=\"375fa84\" data-element_type=\"section\" data-settings=\"{&quot;jet_parallax_layout_list&quot;:[]}\">\n\t\t\t\t\t\t<div class=\"elementor-container elementor-column-gap-default\">\n\t\t\t\t\t<div class=\"elementor-column elementor-col-100 elementor-top-column elementor-element elementor-element-aa975af\" data-id=\"aa975af\" data-element_type=\"column\">\n\t\t\t<div class=\"elementor-widget-wrap elementor-element-populated\">\n\t\t\t\t\t\t<div class=\"elementor-element elementor-element-d166d2c elementor-widget elementor-widget-text-editor\" data-id=\"d166d2c\" data-element_type=\"widget\" data-widget_type=\"text-editor.default\">\n\t\t\t\t<div class=\"elementor-widget-container\">\n\t\t\t\t\t\t\t<div data-olk-copy-source=\"MessageBody\">Z przyjemno\u015bci\u0105 informujemy, \u017ce od 01.03.2026 r. do grona pracownik\u00f3w Katedry Gospodarki Przestrzennej do\u0142\u0105cza Pani dr Dominika Ho\u0142uj.<\/div><div>Serdecznie witamy Pani\u0105 Doktor w naszym zespole i \u017cyczymy wielu sukces\u00f3w naukowych, dydaktycznych oraz organizacyjnych. Mamy nadziej\u0119 na owocn\u0105 wsp\u00f3\u0142prac\u0119, inspiruj\u0105ce projekty badawcze oraz dobr\u0105 atmosfer\u0119 w codziennej pracy.<\/div>\t\t\t\t\t\t<\/div>\n\t\t\t\t<\/div>\n\t\t\t\t\t<\/div>\n\t\t<\/div>\n\t\t\t\t\t<\/div>\n\t\t<\/section>\n\t\t\t\t<\/div>\n\t\t","protected":false},"excerpt":{"rendered":"<p>Z przyjemno\u015bci\u0105 informujemy, \u017ce od 01.03.2026 r. do grona pracownik\u00f3w Katedry Gospodarki Przestrzennej do\u0142\u0105cza Pani dr Dominika Ho\u0142uj.Serdecznie witamy Pani\u0105 Doktor w naszym zespole i \u017cyczymy wielu sukces\u00f3w naukowych, dydaktycznych oraz organizacyjnych. Mamy nadziej\u0119 na owocn\u0105 wsp\u00f3\u0142prac\u0119, inspiruj\u0105ce projekty badawcze oraz dobr\u0105 atmosfer\u0119 w codziennej pracy.<\/p>\n","protected":false},"author":5,"featured_media":749,"comment_status":"closed","ping_status":"closed","sticky":false,"template":"","format":"standard","meta":{"footnotes":""},"categories":[113],"tags":[],"class_list":["post-2935","post","type-post","status-publish","format-standard","has-post-thumbnail","hentry","category-aktualnosci"],"_links":{"self":[{"href":"https:\/\/igpsm.uek.krakow.pl\/kgp\/wp-json\/wp\/v2\/posts\/2935"}],"collection":[{"href":"https:\/\/igpsm.uek.krakow.pl\/kgp\/wp-json\/wp\/v2\/posts"}],"about":[{"href":"https:\/\/igpsm.uek.krakow.pl\/kgp\/wp-json\/wp\/v2\/types\/post"}],"author":[{"embeddable":true,"href":"https:\/\/igpsm.uek.krakow.pl\/kgp\/wp-json\/wp\/v2\/users\/5"}],"replies":[{"embeddable":true,"href":"https:\/\/igpsm.uek.krakow.pl\/kgp\/wp-json\/wp\/v2\/comments?post=2935"}],"version-history":[{"count":11,"href":"https:\/\/igpsm.uek.krakow.pl\/kgp\/wp-json\/wp\/v2\/posts\/2935\/revisions"}],"predecessor-version":[{"id":2947,"href":"https:\/\/igpsm.uek.krakow.pl\/kgp\/wp-json\/wp\/v2\/posts\/2935\/revisions\/2947"}],"wp:featuredmedia":[{"embeddable":true,"href":"https:\/\/igpsm.uek.krakow.pl\/kgp\/wp-json\/wp\/v2\/media\/749"}],"wp:attachment":[{"href":"https:\/\/igpsm.uek.krakow.pl\/kgp\/wp-json\/wp\/v2\/media?parent=2935"}],"wp:term":[{"taxonomy":"category","embeddable":true,"href":"https:\/\/igpsm.uek.krakow.pl\/kgp\/wp-json\/wp\/v2\/categories?post=2935"},{"taxonomy":"post_tag","embeddable":true,"href":"https:\/\/igpsm.uek.krakow.pl\/kgp\/wp-json\/wp\/v2\/tags?post=2935"}],"curies":[{"name":"wp","href":"https:\/\/api.w.org\/{rel}","templated":true}]}}